{"id":31269,"date":"2025-05-25T15:35:52","date_gmt":"2025-05-25T12:35:52","guid":{"rendered":"https:\/\/www.egemtv.com\/?p=31269"},"modified":"2025-05-25T15:35:56","modified_gmt":"2025-05-25T12:35:56","slug":"demircide-geleneksel-yagmur-duasi-ve-hayir-yemegine-yogun-katilim","status":"publish","type":"post","link":"https:\/\/www.egemtv.com\/?p=31269","title":{"rendered":"Demirci\u2019de geleneksel ya\u011fmur duas\u0131 ve hay\u0131r yeme\u011fine yo\u011fun kat\u0131l\u0131m"},"content":{"rendered":"<p>Manisa\u2019n\u0131n Demirci il\u00e7esine ba\u011fl\u0131 Kulalar Mahallesi\u2019nde geleneksel hale gelen ya\u011fmur duas\u0131 ve hay\u0131r yeme\u011fi program\u0131, bu y\u0131l da yo\u011fun kat\u0131l\u0131mla ger\u00e7ekle\u015ftirildi.<br \/>\n<br \/>Kulalar Mahallesi \u0130lkokulu bah\u00e7esinde d\u00fczenlenen hay\u0131r yeme\u011fi \u00f6ncesinde Kuran-\u0131 Kerim ve dualar okundu. Daha sonra kurakl\u0131\u011fa kar\u015f\u0131 ya\u011fmur duas\u0131 yap\u0131ld\u0131. Ard\u0131ndan mahalle gen\u00e7leri taraf\u0131ndan misafirlere 5 \u00e7e\u015fit yemek ikram\u0131nda bulunuldu. Yakla\u015f\u0131k 10 bin ki\u015finin kat\u0131ld\u0131\u011f\u0131 programda konu\u015fan Mahalle Muhtar\u0131 Mehmet Ali U\u00e7ar, &#8220;Mahallemizin y\u0131llardan bu yana gelen bir gelene\u011fini ya\u015fat\u0131yoruz. Bu y\u0131lki etkinli\u011fimize yakla\u015f\u0131k 10 bin misafirimiz kat\u0131ld\u0131. Allah dualar\u0131m\u0131z\u0131 kabul eylesin. Kat\u0131lan herkese g\u00f6n\u00fclden te\u015fekk\u00fcr ediyorum&#8221; dedi.<br \/>\n<br \/>Programa Demirci Belediye Ba\u015fkan\u0131 Erkan Kara, AK Parti \u0130l\u00e7e Ba\u015fkan\u0131 Nurullah Akg\u00fcn ve MHP \u0130l\u00e7e Ba\u015fkan\u0131 \u00dcmit Kany\u0131lmaz da kat\u0131ld\u0131.<br \/><\/p>\n","protected":false},"excerpt":{"rendered":"<p>Manisa\u2019n\u0131n Demirci il\u00e7esine ba\u011fl\u0131 Kulalar Mahallesi\u2019nde geleneksel hale gelen ya\u011fmur duas\u0131 ve hay\u0131r yeme\u011fi program\u0131, bu y\u0131l da yo\u011fun kat\u0131l\u0131mla ger\u00e7ekle\u015ftirildi. Kulalar Mahallesi \u0130lkokulu bah\u00e7esinde d\u00fczenlenen hay\u0131r yeme\u011fi \u00f6ncesinde Kuran-\u0131 Kerim ve dualar okundu. Daha sonra kurakl\u0131\u011fa kar\u015f\u0131 ya\u011fmur duas\u0131 yap\u0131ld\u0131. Ard\u0131ndan mahalle gen\u00e7leri taraf\u0131ndan misafirlere 5 \u00e7e\u015fit yemek ikram\u0131nda bulunuldu. Yakla\u015f\u0131k 10 bin ki\u015finin&#8230;<\/p>\n","protected":false},"author":1,"featured_media":31270,"comment_status":"open","ping_status":"open","sticky":false,"template":"","format":"standard","meta":{"_crdt_document":"","footnotes":""},"categories":[123],"tags":[],"class_list":["post-31269","post","type-post","status-publish","format-standard","has-post-thumbnail","hentry","category-gundem"],"_links":{"self":[{"href":"https:\/\/www.egemtv.com\/index.php?rest_route=\/wp\/v2\/posts\/31269","targetHints":{"allow":["GET"]}}],"collection":[{"href":"https:\/\/www.egemtv.com\/index.php?rest_route=\/wp\/v2\/posts"}],"about":[{"href":"https:\/\/www.egemtv.com\/index.php?rest_route=\/wp\/v2\/types\/post"}],"author":[{"embeddable":true,"href":"https:\/\/www.egemtv.com\/index.php?rest_route=\/wp\/v2\/users\/1"}],"replies":[{"embeddable":true,"href":"https:\/\/www.egemtv.com\/index.php?rest_route=%2Fwp%2Fv2%2Fcomments&post=31269"}],"version-history":[{"count":1,"href":"https:\/\/www.egemtv.com\/index.php?rest_route=\/wp\/v2\/posts\/31269\/revisions"}],"predecessor-version":[{"id":31271,"href":"https:\/\/www.egemtv.com\/index.php?rest_route=\/wp\/v2\/posts\/31269\/revisions\/31271"}],"wp:featuredmedia":[{"embeddable":true,"href":"https:\/\/www.egemtv.com\/index.php?rest_route=\/wp\/v2\/media\/31270"}],"wp:attachment":[{"href":"https:\/\/www.egemtv.com\/index.php?rest_route=%2Fwp%2Fv2%2Fmedia&parent=31269"}],"wp:term":[{"taxonomy":"category","embeddable":true,"href":"https:\/\/www.egemtv.com\/index.php?rest_route=%2Fwp%2Fv2%2Fcategories&post=31269"},{"taxonomy":"post_tag","embeddable":true,"href":"https:\/\/www.egemtv.com\/index.php?rest_route=%2Fwp%2Fv2%2Ftags&post=31269"}],"curies":[{"name":"wp","href":"https:\/\/api.w.org\/{rel}","templated":true}]}}