{"id":31266,"date":"2025-05-25T15:35:48","date_gmt":"2025-05-25T12:35:48","guid":{"rendered":"https:\/\/www.egemtv.com\/?p=31266"},"modified":"2025-05-25T15:35:52","modified_gmt":"2025-05-25T12:35:52","slug":"tirede-72-yasindaki-adam-sulama-goletinde-boguldu","status":"publish","type":"post","link":"https:\/\/www.egemtv.com\/?p=31266","title":{"rendered":"Tire\u2019de 72 ya\u015f\u0131ndaki adam sulama g\u00f6letinde bo\u011fuldu"},"content":{"rendered":"<p>\u0130zmir\u2019in Tire il\u00e7esinde serinlemek i\u00e7in sulama g\u00f6letine giren 72 ya\u015f\u0131ndaki Metin \u00d6zcan, hayat\u0131n\u0131 kaybetti.<br \/>\n<br \/>Olay, Tire\u2019nin Eskioba Mahallesi\u2019nde meydana geldi. Edinilen bilgilere g\u00f6re, Metin \u00d6zcan, d\u00fcn \u00f6\u011fleden sonra at\u0131yla birlikte mahalledeki sulama g\u00f6letine gitti. At\u0131n\u0131 bir yere ba\u011flayan \u00d6zcan, serinlemek amac\u0131yla giysilerini \u00e7\u0131kararak g\u00f6lete girdi. Ancak bir s\u00fcre sonra kendisinden haber al\u0131namad\u0131.<br \/>\n<br \/>Babas\u0131 Metin \u00d6zcan\u2019dan haber alamayan o\u011flu Halil \u00d6zcan, g\u00f6let b\u00f6lgesine giderek arama yapt\u0131. G\u00f6let kenar\u0131nda babas\u0131na ait giysileri bulan Halil \u00d6zcan, durumu hemen jandarmaya bildirdi.<br \/>\n<br \/>Olay yerine gelen jandarma ekipleri, bo\u011fulma ihtimali \u00fczerinde durarak Jandarma Sualt\u0131 Arama Kurtarma ekibinden yard\u0131m istedi. B\u00f6lgeye ula\u015fan \u00f6zel donan\u0131ml\u0131 ekip, yakla\u015f\u0131k iki saat s\u00fcren arama \u00e7al\u0131\u015fmas\u0131n\u0131n ard\u0131ndan talihsiz adam\u0131n cans\u0131z bedenine, g\u00f6letin 5 metre derinli\u011finde ula\u015ft\u0131.<br \/>\n<br \/>Metin \u00d6zcan\u2019\u0131n cenazesi, otopsi yap\u0131lmak \u00fczere adli t\u0131p morguna kald\u0131r\u0131ld\u0131. Jandarma ekipleri olayla ilgili soru\u015fturma ba\u015flatt\u0131.<br \/><\/p>\n","protected":false},"excerpt":{"rendered":"<p>\u0130zmir\u2019in Tire il\u00e7esinde serinlemek i\u00e7in sulama g\u00f6letine giren 72 ya\u015f\u0131ndaki Metin \u00d6zcan, hayat\u0131n\u0131 kaybetti. Olay, Tire\u2019nin Eskioba Mahallesi\u2019nde meydana geldi. Edinilen bilgilere g\u00f6re, Metin \u00d6zcan, d\u00fcn \u00f6\u011fleden sonra at\u0131yla birlikte mahalledeki sulama g\u00f6letine gitti. At\u0131n\u0131 bir yere ba\u011flayan \u00d6zcan, serinlemek amac\u0131yla giysilerini \u00e7\u0131kararak g\u00f6lete girdi. Ancak bir s\u00fcre sonra kendisinden haber al\u0131namad\u0131. Babas\u0131 Metin \u00d6zcan\u2019dan&#8230;<\/p>\n","protected":false},"author":1,"featured_media":31267,"comment_status":"open","ping_status":"open","sticky":false,"template":"","format":"standard","meta":{"_crdt_document":"","footnotes":""},"categories":[5],"tags":[],"class_list":["post-31266","post","type-post","status-publish","format-standard","has-post-thumbnail","hentry","category-asayis"],"_links":{"self":[{"href":"https:\/\/www.egemtv.com\/index.php?rest_route=\/wp\/v2\/posts\/31266","targetHints":{"allow":["GET"]}}],"collection":[{"href":"https:\/\/www.egemtv.com\/index.php?rest_route=\/wp\/v2\/posts"}],"about":[{"href":"https:\/\/www.egemtv.com\/index.php?rest_route=\/wp\/v2\/types\/post"}],"author":[{"embeddable":true,"href":"https:\/\/www.egemtv.com\/index.php?rest_route=\/wp\/v2\/users\/1"}],"replies":[{"embeddable":true,"href":"https:\/\/www.egemtv.com\/index.php?rest_route=%2Fwp%2Fv2%2Fcomments&post=31266"}],"version-history":[{"count":1,"href":"https:\/\/www.egemtv.com\/index.php?rest_route=\/wp\/v2\/posts\/31266\/revisions"}],"predecessor-version":[{"id":31268,"href":"https:\/\/www.egemtv.com\/index.php?rest_route=\/wp\/v2\/posts\/31266\/revisions\/31268"}],"wp:featuredmedia":[{"embeddable":true,"href":"https:\/\/www.egemtv.com\/index.php?rest_route=\/wp\/v2\/media\/31267"}],"wp:attachment":[{"href":"https:\/\/www.egemtv.com\/index.php?rest_route=%2Fwp%2Fv2%2Fmedia&parent=31266"}],"wp:term":[{"taxonomy":"category","embeddable":true,"href":"https:\/\/www.egemtv.com\/index.php?rest_route=%2Fwp%2Fv2%2Fcategories&post=31266"},{"taxonomy":"post_tag","embeddable":true,"href":"https:\/\/www.egemtv.com\/index.php?rest_route=%2Fwp%2Fv2%2Ftags&post=31266"}],"curies":[{"name":"wp","href":"https:\/\/api.w.org\/{rel}","templated":true}]}}