{"id":31263,"date":"2025-05-25T15:15:31","date_gmt":"2025-05-25T12:15:31","guid":{"rendered":"https:\/\/www.egemtv.com\/?p=31263"},"modified":"2025-05-25T15:15:35","modified_gmt":"2025-05-25T12:15:35","slug":"aritma-tesisine-giden-ogrenciler-suyun-degerini-yerinde-ogrendi","status":"publish","type":"post","link":"https:\/\/www.egemtv.com\/?p=31263","title":{"rendered":"Ar\u0131tma tesisine giden \u00f6\u011frenciler suyun de\u011ferini yerinde \u00f6\u011frendi"},"content":{"rendered":"<p>Manisa Su ve Kanalizasyon \u0130daresi (MASK\u0130) Genel M\u00fcd\u00fcrl\u00fc\u011f\u00fc, G\u00f6lmarmara il\u00e7e merkezinin evsel nitelikli at\u0131k sular\u0131n\u0131n ar\u0131t\u0131ld\u0131\u011f\u0131 tesiste, \u015eehit \u00d6zcan Y\u0131ld\u0131z \u0130lk\u00f6\u011fretim Okulu 5\u2019inci s\u0131n\u0131f \u00f6\u011frencilerini a\u011f\u0131rlad\u0131.<br \/>\n<br \/>Manisa B\u00fcy\u00fck\u015fehir Belediyesi MASK\u0130 Genel M\u00fcd\u00fcrl\u00fc\u011f\u00fc, her ya\u015ftan \u00f6\u011frencinin geli\u015fimine ve \u00e7evre bilincinin olu\u015fmas\u0131na katk\u0131 sa\u011flamak amac\u0131yla organize etti\u011fi teknik gezileri s\u00fcrd\u00fcr\u00fcyor. Bu kapsamda, MASK\u0130 G\u00f6lmarmara At\u0131k Su Ar\u0131tma Tesisi\u2019nde, \u015eehit \u00d6zcan Y\u0131ld\u0131z \u0130lk\u00f6\u011fretim Okulu 5\u2019inci s\u0131n\u0131f \u00f6\u011frencileri misafir edildi. \u00d6\u011frenciler, MASK\u0130 Genel M\u00fcd\u00fcrl\u00fc\u011f\u00fc At\u0131k Su Ar\u0131tma Dairesi Ba\u015fkanl\u0131\u011f\u0131 yetkili personeli ve \u00f6\u011fretmenleri ile birlikte G\u00f6lmarmara\u2019daki at\u0131k su ar\u0131t\u0131m\u0131n\u0131 yak\u0131ndan g\u00f6rerek \u00f6\u011frendi.<br \/>\n<br \/>Tesisteki faaliyetleri merakla inceleyen \u00f6\u011frenciler, t\u00fcm \u00fcniteleri ve \u00e7al\u0131\u015fma \u015fekillerini g\u00f6rme f\u0131rsat\u0131 buldu. \u00d6\u011frenciler, tesisle ilgili sorular\u0131n\u0131 yetkili personele y\u00f6neltip ar\u0131t\u0131m s\u00fcreci hakk\u0131nda detayl\u0131 bilgi sahibi oldu. Ayr\u0131ca, su kaynaklar\u0131n\u0131n s\u0131n\u0131rl\u0131 oldu\u011fu, suyun tasarruflu kullan\u0131lmas\u0131 gerekti\u011fi ve do\u011faya b\u0131rak\u0131lan her damla suyun geri kazan\u0131m\u0131n\u0131n ne kadar \u00f6nemli oldu\u011fu da \u00f6\u011frencilere aktar\u0131ld\u0131. Yetkililer, at\u0131k suyun \u00e7evreye zarar vermeden tekrar do\u011faya kazand\u0131r\u0131lmas\u0131 i\u00e7in yap\u0131lan \u00e7al\u0131\u015fmalar\u0131n yan\u0131 s\u0131ra suyun bilin\u00e7li t\u00fcketilmesinin s\u00fcrd\u00fcr\u00fclebilir bir gelecek i\u00e7in hayati \u00f6nem ta\u015f\u0131d\u0131\u011f\u0131n\u0131 da vurgulad\u0131. \u00d6\u011frenciler, bu bilgilendirme sayesinde suyun de\u011ferini bir kez daha fark ederek, \u00e7evreyi koruma konusunda daha duyarl\u0131 bireyler olma yolunda \u00f6nemli bir ad\u0131m att\u0131.<br \/><\/p>\n","protected":false},"excerpt":{"rendered":"<p>Manisa Su ve Kanalizasyon \u0130daresi (MASK\u0130) Genel M\u00fcd\u00fcrl\u00fc\u011f\u00fc, G\u00f6lmarmara il\u00e7e merkezinin evsel nitelikli at\u0131k sular\u0131n\u0131n ar\u0131t\u0131ld\u0131\u011f\u0131 tesiste, \u015eehit \u00d6zcan Y\u0131ld\u0131z \u0130lk\u00f6\u011fretim Okulu 5\u2019inci s\u0131n\u0131f \u00f6\u011frencilerini a\u011f\u0131rlad\u0131. Manisa B\u00fcy\u00fck\u015fehir Belediyesi MASK\u0130 Genel M\u00fcd\u00fcrl\u00fc\u011f\u00fc, her ya\u015ftan \u00f6\u011frencinin geli\u015fimine ve \u00e7evre bilincinin olu\u015fmas\u0131na katk\u0131 sa\u011flamak amac\u0131yla organize etti\u011fi teknik gezileri s\u00fcrd\u00fcr\u00fcyor. Bu kapsamda, MASK\u0130 G\u00f6lmarmara At\u0131k Su Ar\u0131tma&#8230;<\/p>\n","protected":false},"author":1,"featured_media":31264,"comment_status":"open","ping_status":"open","sticky":false,"template":"","format":"standard","meta":{"_crdt_document":"","footnotes":""},"categories":[1],"tags":[],"class_list":["post-31263","post","type-post","status-publish","format-standard","has-post-thumbnail","hentry","category-guncel"],"_links":{"self":[{"href":"https:\/\/www.egemtv.com\/index.php?rest_route=\/wp\/v2\/posts\/31263","targetHints":{"allow":["GET"]}}],"collection":[{"href":"https:\/\/www.egemtv.com\/index.php?rest_route=\/wp\/v2\/posts"}],"about":[{"href":"https:\/\/www.egemtv.com\/index.php?rest_route=\/wp\/v2\/types\/post"}],"author":[{"embeddable":true,"href":"https:\/\/www.egemtv.com\/index.php?rest_route=\/wp\/v2\/users\/1"}],"replies":[{"embeddable":true,"href":"https:\/\/www.egemtv.com\/index.php?rest_route=%2Fwp%2Fv2%2Fcomments&post=31263"}],"version-history":[{"count":1,"href":"https:\/\/www.egemtv.com\/index.php?rest_route=\/wp\/v2\/posts\/31263\/revisions"}],"predecessor-version":[{"id":31265,"href":"https:\/\/www.egemtv.com\/index.php?rest_route=\/wp\/v2\/posts\/31263\/revisions\/31265"}],"wp:featuredmedia":[{"embeddable":true,"href":"https:\/\/www.egemtv.com\/index.php?rest_route=\/wp\/v2\/media\/31264"}],"wp:attachment":[{"href":"https:\/\/www.egemtv.com\/index.php?rest_route=%2Fwp%2Fv2%2Fmedia&parent=31263"}],"wp:term":[{"taxonomy":"category","embeddable":true,"href":"https:\/\/www.egemtv.com\/index.php?rest_route=%2Fwp%2Fv2%2Fcategories&post=31263"},{"taxonomy":"post_tag","embeddable":true,"href":"https:\/\/www.egemtv.com\/index.php?rest_route=%2Fwp%2Fv2%2Ftags&post=31263"}],"curies":[{"name":"wp","href":"https:\/\/api.w.org\/{rel}","templated":true}]}}