{"id":31260,"date":"2025-05-25T15:15:26","date_gmt":"2025-05-25T12:15:26","guid":{"rendered":"https:\/\/www.egemtv.com\/?p=31260"},"modified":"2025-05-25T15:15:30","modified_gmt":"2025-05-25T12:15:30","slug":"itecik-lalesini-koparmanin-cezasi-550-bin-tl","status":"publish","type":"post","link":"https:\/\/www.egemtv.com\/?p=31260","title":{"rendered":"\u2019\u0130tecik Lalesi\u2019ni koparman\u0131n cezas\u0131 550 bin TL"},"content":{"rendered":"<p>Vali Naci Akta\u015f, U\u015fak\u2019ta, halk aras\u0131nda &#8220;\u0130tecik Lalesi&#8221; diye adland\u0131r\u0131lan ve koruma alt\u0131ndaki bir \u015fakay\u0131k t\u00fcr\u00fc olan &#8220;Paeonia Peregrina&#8221; \u00e7i\u00e7e\u011fini yerinde g\u00f6rmek \u00fczere \u0130tecik Tepesi\u2019nde incelemelerde bulundu.<br \/>\n<br \/>Kaya\u011f\u0131l k\u00f6y\u00fc s\u0131n\u0131rlar\u0131 i\u00e7indeki bin 200 metre y\u00fcksekli\u011fe sahip \u0130tecik Tepesi\u2019nde yeti\u015fen ve y\u0131lda sadece 15 g\u00fcn \u00e7i\u00e7ek a\u00e7an, halk aras\u0131nda &#8220;\u0130tecik Lalesi&#8221; diye adland\u0131r\u0131lan ve koruma alt\u0131ndaki bir \u015fakay\u0131k t\u00fcr\u00fc olan &#8220;Paeonia Peregrina&#8221; \u00e7i\u00e7e\u011fi a\u00e7t\u0131. Yerinde g\u00f6rmek \u00fczere incelemelerde bulunan Vali Akta\u015f, burada Do\u011fa Koruma ve Milli Parklar U\u015fak \u015eube M\u00fcd\u00fcr\u00fc H\u00fcseyin Tekin\u2019den bilgi ald\u0131.<br \/>\n<br \/>Burada gazetecilere a\u00e7\u0131klamalarda bulunarak \u00e7i\u00e7e\u011fi koparman\u0131n cezas\u0131n\u0131n 550 bin T\u00fcrk Liras\u0131 oldu\u011funu aktaran Vali Akta\u015f, &#8220;Yo\u011fun oldu\u011fu b\u00f6lge zaten etraf\u0131 \u00e7evrili haldedir. Bitkiye kar\u015f\u0131 yap\u0131lan zarar\u0131n yakla\u015f\u0131k 550 bin T\u00fcrk Liras\u0131 cezas\u0131 var. Bir bitkinin bir \u00e7i\u00e7e\u011fin kopar\u0131lmas\u0131, cezan\u0131n y\u00fcksekli\u011fi buradaki bir bitkinin varl\u0131\u011f\u0131n\u0131n ne derece y\u00fcksek oldu\u011funa esas\u0131nda i\u015farettir. Bunu da vatanda\u015flar\u0131m\u0131z\u0131n bilmesini isterim. Burada \u00e7a\u011fr\u0131m\u0131z hem vatanda\u015flar\u0131m\u0131za hem te\u015fkilat\u0131m\u0131z hem bizlere bunu kollamak, ya\u015fatmak, korumak ve gelecek nesillere aktarmak hepimizin sorumlulu\u011fudur. Burada vatanda\u015flar\u0131m\u0131z\u0131 bu anlamda duyarl\u0131l\u0131\u011fa davet ediyorum. Mutlaka gelip g\u00f6rece\u011fiz ama asla zarar vermeyece\u011fiz. \u00c7\u00fcnk\u00fc ortak sorumluluk i\u00e7eresinde bunu gelecek nesillere aktaraca\u011f\u0131z&#8221; dedi.<br \/>\n<br \/>\u0130ncelemeleri s\u0131ras\u0131nda Vali Naci Akta\u015f\u2019a Vali Yard\u0131mc\u0131s\u0131 Olgun \u00d6ner, \u0130l Emniyet M\u00fcd\u00fcr\u00fc Mehmet Ali Kolcu, \u0130l Jandarma Komutan\u0131 K\u0131demli Albay Fahri Semiz, Do\u011fa Koruma ve Milli Parklar U\u015fak \u015eube M\u00fcd\u00fcr\u00fc H\u00fcseyin Tekin, Orman \u0130\u015fletme M\u00fcd\u00fcr\u00fc Mustafa Da\u011f\u0131stanl\u0131 ve \u0130l \u00d6zel \u0130dare Genel Sekreteri Sabri Ceylan e\u015flik etti.<br \/><\/p>\n","protected":false},"excerpt":{"rendered":"<p>Vali Naci Akta\u015f, U\u015fak\u2019ta, halk aras\u0131nda &#8220;\u0130tecik Lalesi&#8221; diye adland\u0131r\u0131lan ve koruma alt\u0131ndaki bir \u015fakay\u0131k t\u00fcr\u00fc olan &#8220;Paeonia Peregrina&#8221; \u00e7i\u00e7e\u011fini yerinde g\u00f6rmek \u00fczere \u0130tecik Tepesi\u2019nde incelemelerde bulundu. Kaya\u011f\u0131l k\u00f6y\u00fc s\u0131n\u0131rlar\u0131 i\u00e7indeki bin 200 metre y\u00fcksekli\u011fe sahip \u0130tecik Tepesi\u2019nde yeti\u015fen ve y\u0131lda sadece 15 g\u00fcn \u00e7i\u00e7ek a\u00e7an, halk aras\u0131nda &#8220;\u0130tecik Lalesi&#8221; diye adland\u0131r\u0131lan ve koruma alt\u0131ndaki&#8230;<\/p>\n","protected":false},"author":1,"featured_media":31261,"comment_status":"open","ping_status":"open","sticky":false,"template":"","format":"standard","meta":{"_crdt_document":"","footnotes":""},"categories":[1],"tags":[],"class_list":["post-31260","post","type-post","status-publish","format-standard","has-post-thumbnail","hentry","category-guncel"],"_links":{"self":[{"href":"https:\/\/www.egemtv.com\/index.php?rest_route=\/wp\/v2\/posts\/31260","targetHints":{"allow":["GET"]}}],"collection":[{"href":"https:\/\/www.egemtv.com\/index.php?rest_route=\/wp\/v2\/posts"}],"about":[{"href":"https:\/\/www.egemtv.com\/index.php?rest_route=\/wp\/v2\/types\/post"}],"author":[{"embeddable":true,"href":"https:\/\/www.egemtv.com\/index.php?rest_route=\/wp\/v2\/users\/1"}],"replies":[{"embeddable":true,"href":"https:\/\/www.egemtv.com\/index.php?rest_route=%2Fwp%2Fv2%2Fcomments&post=31260"}],"version-history":[{"count":1,"href":"https:\/\/www.egemtv.com\/index.php?rest_route=\/wp\/v2\/posts\/31260\/revisions"}],"predecessor-version":[{"id":31262,"href":"https:\/\/www.egemtv.com\/index.php?rest_route=\/wp\/v2\/posts\/31260\/revisions\/31262"}],"wp:featuredmedia":[{"embeddable":true,"href":"https:\/\/www.egemtv.com\/index.php?rest_route=\/wp\/v2\/media\/31261"}],"wp:attachment":[{"href":"https:\/\/www.egemtv.com\/index.php?rest_route=%2Fwp%2Fv2%2Fmedia&parent=31260"}],"wp:term":[{"taxonomy":"category","embeddable":true,"href":"https:\/\/www.egemtv.com\/index.php?rest_route=%2Fwp%2Fv2%2Fcategories&post=31260"},{"taxonomy":"post_tag","embeddable":true,"href":"https:\/\/www.egemtv.com\/index.php?rest_route=%2Fwp%2Fv2%2Ftags&post=31260"}],"curies":[{"name":"wp","href":"https:\/\/api.w.org\/{rel}","templated":true}]}}