{"id":31257,"date":"2025-05-25T14:56:08","date_gmt":"2025-05-25T11:56:08","guid":{"rendered":"https:\/\/www.egemtv.com\/?p=31257"},"modified":"2025-05-25T14:56:13","modified_gmt":"2025-05-25T11:56:13","slug":"maski-kesintisiz-icme-suyu-icin-sahada","status":"publish","type":"post","link":"https:\/\/www.egemtv.com\/?p=31257","title":{"rendered":"MASK\u0130 kesintisiz i\u00e7me suyu i\u00e7in sahada"},"content":{"rendered":"<p>\u0130klim de\u011fi\u015fikli\u011fi ve azalan ya\u011f\u0131\u015flar nedeniyle su kaynaklar\u0131 \u00fczerindeki bask\u0131 her ge\u00e7en g\u00fcn art\u0131yor. Manisa Su ve Kanalizasyon \u0130daresi (MASK\u0130) Genel M\u00fcd\u00fcrl\u00fc\u011f\u00fc, vatanda\u015flara kesintisiz ve sa\u011fl\u0131kl\u0131 i\u00e7me suyu ula\u015ft\u0131rmak i\u00e7in sondaj yenileme \u00e7al\u0131\u015fmas\u0131 ve altyap\u0131 yat\u0131r\u0131mlar\u0131n\u0131 s\u00fcrd\u00fcr\u00fcyor.<br \/>\n<br \/>Manisa B\u00fcy\u00fck\u015fehir Belediyesi MASK\u0130 Genel M\u00fcd\u00fcrl\u00fc\u011f\u00fc, yaz aylar\u0131nda s\u0131cakl\u0131klar\u0131n artmas\u0131yla birlikte olu\u015fabilecek su yetersizli\u011fi sorunlar\u0131na \u00e7\u00f6z\u00fcm \u00fcretmek amac\u0131yla i\u00e7me suyu rezervlerini art\u0131r\u0131c\u0131 \u00e7al\u0131\u015fmalar\u0131na devam ediyor. Bu \u00e7er\u00e7evede, yap\u0131lan \u00e7al\u0131\u015fmalarla Manisa\u2019n\u0131n 17 il\u00e7esinin de su ihtiyac\u0131n\u0131n kesintisiz \u015fekilde kar\u015f\u0131lanmas\u0131 hedefleniyor. Bu kapsamda Genel M\u00fcd\u00fcr Yard\u0131mc\u0131s\u0131 Bircan Kaynak yap\u0131lan sondaj yenileme \u00e7al\u0131\u015fmalar\u0131n\u0131 yerinde inceledi ve son durum ile ilgili yetkili personelden bilgi ald\u0131. Genel M\u00fcd\u00fcr Yard\u0131mc\u0131s\u0131 Bircan Kaynak\u2019a, \u0130\u00e7me Suyu Dairesi Ba\u015fkan\u0131 Necip Kurtar\u0131c\u0131\u2019n\u0131n yan\u0131 s\u0131ra ilgili \u015fube m\u00fcd\u00fcrleri ve teknik personel de e\u015flik etti.<br \/>\n<br \/>\u00c7al\u0131\u015fmalar hakk\u0131nda bilgi alan Kaynak, &#8220;\u0130klim de\u011fi\u015fikli\u011finin etkileriyle birlikte d\u00fcnya genelinde oldu\u011fu gibi \u00fclkemizde de kurakl\u0131k riski her ge\u00e7en y\u0131l daha da art\u0131yor. Azalan ya\u011f\u0131\u015f miktarlar\u0131, yer alt\u0131 su seviyelerinde ciddi d\u00fc\u015f\u00fc\u015flere neden olurken \u00f6zellikle tar\u0131m ve i\u00e7me suyu kaynaklar\u0131 a\u00e7\u0131s\u0131ndan s\u00fcrd\u00fcr\u00fclebilir \u00e7\u00f6z\u00fcmler geli\u015ftirmek her zamankinden daha b\u00fcy\u00fck \u00f6nem ta\u015f\u0131yor. Manisa\u2019da i\u00e7me suyu ihtiyac\u0131n\u0131n neredeyse tamam\u0131 yeralt\u0131 sular\u0131ndan kar\u015f\u0131lan\u0131yor. Bu kapsamda yap\u0131lan yer alt\u0131 suyu sondaj \u00e7al\u0131\u015fmalar\u0131 suya eri\u015fimde kritik bir rol \u00fcstleniyor&#8221; dedi.<br \/>\n<br \/>Bircan Kaynak, &#8220;MASK\u0130 Genel M\u00fcd\u00fcrl\u00fc\u011f\u00fc olarak, sondaj yenileme \u00e7al\u0131\u015fmalar\u0131 ile Manisa\u2019n\u0131n 17 il\u00e7esinde de i\u00e7me suyu rezervlerini art\u0131rmak i\u00e7in planlama ve faaliyetlerimizi s\u00fcrd\u00fcr\u00fcyoruz. Bu hem tar\u0131msal \u00fcretim i\u00e7in hem de vatanda\u015flar\u0131m\u0131z\u0131n g\u00fcnl\u00fck ya\u015fam kalitesi a\u00e7\u0131s\u0131ndan b\u00fcy\u00fck \u00f6nem ta\u015f\u0131yor&#8221; diye konu\u015ftu.<br \/>\n<br \/>Su kaynaklar\u0131n\u0131n s\u00fcrd\u00fcr\u00fclebilirli\u011fi i\u00e7in vatanda\u015flar\u0131n da bilin\u00e7li davranmas\u0131 gerekti\u011fini belirten Kaynak, su tasarrufu konusunda duyarl\u0131l\u0131k g\u00f6sterilmesinin gelecek nesillere sa\u011fl\u0131kl\u0131 ve yeterli su kaynaklar\u0131 b\u0131rak\u0131lmas\u0131 a\u00e7\u0131s\u0131ndan b\u00fcy\u00fck \u00f6nem ta\u015f\u0131d\u0131\u011f\u0131n\u0131 vurgulad\u0131.<br \/><\/p>\n","protected":false},"excerpt":{"rendered":"<p>\u0130klim de\u011fi\u015fikli\u011fi ve azalan ya\u011f\u0131\u015flar nedeniyle su kaynaklar\u0131 \u00fczerindeki bask\u0131 her ge\u00e7en g\u00fcn art\u0131yor. Manisa Su ve Kanalizasyon \u0130daresi (MASK\u0130) Genel M\u00fcd\u00fcrl\u00fc\u011f\u00fc, vatanda\u015flara kesintisiz ve sa\u011fl\u0131kl\u0131 i\u00e7me suyu ula\u015ft\u0131rmak i\u00e7in sondaj yenileme \u00e7al\u0131\u015fmas\u0131 ve altyap\u0131 yat\u0131r\u0131mlar\u0131n\u0131 s\u00fcrd\u00fcr\u00fcyor. Manisa B\u00fcy\u00fck\u015fehir Belediyesi MASK\u0130 Genel M\u00fcd\u00fcrl\u00fc\u011f\u00fc, yaz aylar\u0131nda s\u0131cakl\u0131klar\u0131n artmas\u0131yla birlikte olu\u015fabilecek su yetersizli\u011fi sorunlar\u0131na \u00e7\u00f6z\u00fcm \u00fcretmek amac\u0131yla&#8230;<\/p>\n","protected":false},"author":1,"featured_media":31258,"comment_status":"open","ping_status":"open","sticky":false,"template":"","format":"standard","meta":{"_crdt_document":"","footnotes":""},"categories":[123],"tags":[],"class_list":["post-31257","post","type-post","status-publish","format-standard","has-post-thumbnail","hentry","category-gundem"],"_links":{"self":[{"href":"https:\/\/www.egemtv.com\/index.php?rest_route=\/wp\/v2\/posts\/31257","targetHints":{"allow":["GET"]}}],"collection":[{"href":"https:\/\/www.egemtv.com\/index.php?rest_route=\/wp\/v2\/posts"}],"about":[{"href":"https:\/\/www.egemtv.com\/index.php?rest_route=\/wp\/v2\/types\/post"}],"author":[{"embeddable":true,"href":"https:\/\/www.egemtv.com\/index.php?rest_route=\/wp\/v2\/users\/1"}],"replies":[{"embeddable":true,"href":"https:\/\/www.egemtv.com\/index.php?rest_route=%2Fwp%2Fv2%2Fcomments&post=31257"}],"version-history":[{"count":1,"href":"https:\/\/www.egemtv.com\/index.php?rest_route=\/wp\/v2\/posts\/31257\/revisions"}],"predecessor-version":[{"id":31259,"href":"https:\/\/www.egemtv.com\/index.php?rest_route=\/wp\/v2\/posts\/31257\/revisions\/31259"}],"wp:featuredmedia":[{"embeddable":true,"href":"https:\/\/www.egemtv.com\/index.php?rest_route=\/wp\/v2\/media\/31258"}],"wp:attachment":[{"href":"https:\/\/www.egemtv.com\/index.php?rest_route=%2Fwp%2Fv2%2Fmedia&parent=31257"}],"wp:term":[{"taxonomy":"category","embeddable":true,"href":"https:\/\/www.egemtv.com\/index.php?rest_route=%2Fwp%2Fv2%2Fcategories&post=31257"},{"taxonomy":"post_tag","embeddable":true,"href":"https:\/\/www.egemtv.com\/index.php?rest_route=%2Fwp%2Fv2%2Ftags&post=31257"}],"curies":[{"name":"wp","href":"https:\/\/api.w.org\/{rel}","templated":true}]}}