{"id":31251,"date":"2025-05-25T14:35:48","date_gmt":"2025-05-25T11:35:48","guid":{"rendered":"https:\/\/www.egemtv.com\/?p=31251"},"modified":"2025-05-25T14:35:48","modified_gmt":"2025-05-25T11:35:48","slug":"3-yasindaki-omer-halis-motosikletten-boyle-dustu","status":"publish","type":"post","link":"https:\/\/www.egemtv.com\/?p=31251","title":{"rendered":"3 ya\u015f\u0131ndaki \u00d6mer Halis, motosikletten b\u00f6yle d\u00fc\u015ft\u00fc"},"content":{"rendered":"<p>\u0130zmir\u2019in Menemen il\u00e7esinde emlak\u00e7\u0131l\u0131k yapan babas\u0131n\u0131n i\u015f yerinde bulunan 3 ya\u015f\u0131ndaki \u00d6mer Halis, esnaf kom\u015funun motoruna binip \u00e7al\u0131\u015ft\u0131rd\u0131. K\u00fc\u00e7\u00fck \u00e7ocuk, y\u00fcr\u00fctt\u00fc\u011f\u00fc motosikletle beraber devrilirken tehlikeli anlar kameraya yans\u0131d\u0131.<\/p>\n<p>Olay bug\u00fcn 10.00 s\u0131ralar\u0131nda Menemen il\u00e7esinde meydana geldi. Edinilen bilgiye g\u00f6re, il\u00e7ede emlak\u00e7\u0131l\u0131k yapan Tar\u0131k \u00dclker (45), ofiste \u00e7al\u0131\u015ft\u0131\u011f\u0131 esnada 3 ya\u015f\u0131ndaki o\u011flu \u00d6mer Halis \u00dclker, bir anda d\u0131\u015far\u0131 \u00e7\u0131kt\u0131. Yan d\u00fckkanda bulunan k\u0131raathanecinin motosikletine binen \u00d6mer Halis, \u00fczerinde anahtar bulunan motosikleti \u00e7al\u0131\u015ft\u0131rd\u0131. Bir anda gaza basan k\u00fc\u00e7\u00fck \u00d6mer Halis, bir s\u00fcre ilerledikten sonra motosikletle beraber yere d\u00fc\u015ft\u00fc.<\/p>\n<p>Sesleri duyan baba Tar\u0131k \u00dclker, d\u0131\u015far\u0131 \u00e7\u0131k\u0131p d\u00fc\u015fen o\u011flunu kuca\u011f\u0131na al\u0131rken, \u015fans eseri k\u00fc\u00e7\u00fck \u00d6mer Halis olay\u0131 yara almadan kurtard\u0131. O anlar ise sokaktaki bir i\u015f yerinin g\u00fcvenlik kameras\u0131 taraf\u0131ndan g\u00f6r\u00fcnt\u00fclendi.<br \/><\/p>\n","protected":false},"excerpt":{"rendered":"<p>\u0130zmir\u2019in Menemen il\u00e7esinde emlak\u00e7\u0131l\u0131k yapan babas\u0131n\u0131n i\u015f yerinde bulunan 3 ya\u015f\u0131ndaki \u00d6mer Halis, esnaf kom\u015funun motoruna binip \u00e7al\u0131\u015ft\u0131rd\u0131. K\u00fc\u00e7\u00fck \u00e7ocuk, y\u00fcr\u00fctt\u00fc\u011f\u00fc motosikletle beraber devrilirken tehlikeli anlar kameraya yans\u0131d\u0131. Olay bug\u00fcn 10.00 s\u0131ralar\u0131nda Menemen il\u00e7esinde meydana geldi. Edinilen bilgiye g\u00f6re, il\u00e7ede emlak\u00e7\u0131l\u0131k yapan Tar\u0131k \u00dclker (45), ofiste \u00e7al\u0131\u015ft\u0131\u011f\u0131 esnada 3 ya\u015f\u0131ndaki o\u011flu \u00d6mer Halis \u00dclker, bir&#8230;<\/p>\n","protected":false},"author":1,"featured_media":31252,"comment_status":"open","ping_status":"open","sticky":false,"template":"","format":"standard","meta":{"_crdt_document":"","footnotes":""},"categories":[5],"tags":[],"class_list":["post-31251","post","type-post","status-publish","format-standard","has-post-thumbnail","hentry","category-asayis"],"_links":{"self":[{"href":"https:\/\/www.egemtv.com\/index.php?rest_route=\/wp\/v2\/posts\/31251","targetHints":{"allow":["GET"]}}],"collection":[{"href":"https:\/\/www.egemtv.com\/index.php?rest_route=\/wp\/v2\/posts"}],"about":[{"href":"https:\/\/www.egemtv.com\/index.php?rest_route=\/wp\/v2\/types\/post"}],"author":[{"embeddable":true,"href":"https:\/\/www.egemtv.com\/index.php?rest_route=\/wp\/v2\/users\/1"}],"replies":[{"embeddable":true,"href":"https:\/\/www.egemtv.com\/index.php?rest_route=%2Fwp%2Fv2%2Fcomments&post=31251"}],"version-history":[{"count":1,"href":"https:\/\/www.egemtv.com\/index.php?rest_route=\/wp\/v2\/posts\/31251\/revisions"}],"predecessor-version":[{"id":31253,"href":"https:\/\/www.egemtv.com\/index.php?rest_route=\/wp\/v2\/posts\/31251\/revisions\/31253"}],"wp:featuredmedia":[{"embeddable":true,"href":"https:\/\/www.egemtv.com\/index.php?rest_route=\/wp\/v2\/media\/31252"}],"wp:attachment":[{"href":"https:\/\/www.egemtv.com\/index.php?rest_route=%2Fwp%2Fv2%2Fmedia&parent=31251"}],"wp:term":[{"taxonomy":"category","embeddable":true,"href":"https:\/\/www.egemtv.com\/index.php?rest_route=%2Fwp%2Fv2%2Fcategories&post=31251"},{"taxonomy":"post_tag","embeddable":true,"href":"https:\/\/www.egemtv.com\/index.php?rest_route=%2Fwp%2Fv2%2Ftags&post=31251"}],"curies":[{"name":"wp","href":"https:\/\/api.w.org\/{rel}","templated":true}]}}