{"id":31248,"date":"2025-05-25T14:35:44","date_gmt":"2025-05-25T11:35:44","guid":{"rendered":"https:\/\/www.egemtv.com\/?p=31248"},"modified":"2025-05-25T14:35:48","modified_gmt":"2025-05-25T11:35:48","slug":"demircide-gelincik-ciceklerinden-gorsel-solen","status":"publish","type":"post","link":"https:\/\/www.egemtv.com\/?p=31248","title":{"rendered":"Demirci\u2019de gelincik \u00e7i\u00e7eklerinden g\u00f6rsel \u015f\u00f6len"},"content":{"rendered":"<p>Manisa\u2019n\u0131n Demirci il\u00e7esinde, bahar\u0131n habercisi olarak bilinen gelincik \u00e7i\u00e7ekleri, il\u00e7enin d\u00f6rt bir yan\u0131nda a\u00e7arak adeta g\u00f6rsel bir \u015f\u00f6len sunuyor.<br \/>\n<br \/>\u0130l\u00e7eye ba\u011fl\u0131 Dr. Mehmet Akarsu Mahallesi\u2019nden ge\u00e7en Nurullah Do\u011fruel Bulvar\u0131\u2019n\u0131n yama\u00e7lar\u0131nda yo\u011fun \u015fekilde a\u00e7an gelincikler, k\u0131rm\u0131z\u0131 renkleriyle do\u011fay\u0131 renklendiriyor ve g\u00f6renleri hayran b\u0131rak\u0131yor. Sabah saatlerinde g\u00fcne\u015fin ilk \u0131\u015f\u0131klar\u0131yla birlikte \u0131\u015f\u0131l \u0131\u015f\u0131l parlayan gelincikler, y\u00fcr\u00fcy\u00fc\u015f yapan vatanda\u015flara ve b\u00f6lgeden ge\u00e7en s\u00fcr\u00fcc\u00fclere unutulmaz manzaralar sunuyor. Yer yer ovaya do\u011fru yay\u0131lan bu do\u011fal g\u00fczellik, foto\u011fraf tutkunlar\u0131n\u0131n da ilgisini \u00e7ekiyor. Bahar aylar\u0131nda k\u0131sa \u00f6m\u00fcrl\u00fc olmalar\u0131na ra\u011fmen b\u00f6lgeye ayr\u0131 bir hava katan k\u0131rm\u0131z\u0131 gelincikler, hem il\u00e7enin do\u011fal dokusunu zenginle\u015ftiriyor hem de y\u00f6re halk\u0131na huzur veren bir manzara sunuyor.<br \/><\/p>\n","protected":false},"excerpt":{"rendered":"<p>Manisa\u2019n\u0131n Demirci il\u00e7esinde, bahar\u0131n habercisi olarak bilinen gelincik \u00e7i\u00e7ekleri, il\u00e7enin d\u00f6rt bir yan\u0131nda a\u00e7arak adeta g\u00f6rsel bir \u015f\u00f6len sunuyor. \u0130l\u00e7eye ba\u011fl\u0131 Dr. Mehmet Akarsu Mahallesi\u2019nden ge\u00e7en Nurullah Do\u011fruel Bulvar\u0131\u2019n\u0131n yama\u00e7lar\u0131nda yo\u011fun \u015fekilde a\u00e7an gelincikler, k\u0131rm\u0131z\u0131 renkleriyle do\u011fay\u0131 renklendiriyor ve g\u00f6renleri hayran b\u0131rak\u0131yor. Sabah saatlerinde g\u00fcne\u015fin ilk \u0131\u015f\u0131klar\u0131yla birlikte \u0131\u015f\u0131l \u0131\u015f\u0131l parlayan gelincikler, y\u00fcr\u00fcy\u00fc\u015f yapan vatanda\u015flara&#8230;<\/p>\n","protected":false},"author":1,"featured_media":31249,"comment_status":"open","ping_status":"open","sticky":false,"template":"","format":"standard","meta":{"_crdt_document":"","footnotes":""},"categories":[1],"tags":[],"class_list":["post-31248","post","type-post","status-publish","format-standard","has-post-thumbnail","hentry","category-guncel"],"_links":{"self":[{"href":"https:\/\/www.egemtv.com\/index.php?rest_route=\/wp\/v2\/posts\/31248","targetHints":{"allow":["GET"]}}],"collection":[{"href":"https:\/\/www.egemtv.com\/index.php?rest_route=\/wp\/v2\/posts"}],"about":[{"href":"https:\/\/www.egemtv.com\/index.php?rest_route=\/wp\/v2\/types\/post"}],"author":[{"embeddable":true,"href":"https:\/\/www.egemtv.com\/index.php?rest_route=\/wp\/v2\/users\/1"}],"replies":[{"embeddable":true,"href":"https:\/\/www.egemtv.com\/index.php?rest_route=%2Fwp%2Fv2%2Fcomments&post=31248"}],"version-history":[{"count":1,"href":"https:\/\/www.egemtv.com\/index.php?rest_route=\/wp\/v2\/posts\/31248\/revisions"}],"predecessor-version":[{"id":31250,"href":"https:\/\/www.egemtv.com\/index.php?rest_route=\/wp\/v2\/posts\/31248\/revisions\/31250"}],"wp:featuredmedia":[{"embeddable":true,"href":"https:\/\/www.egemtv.com\/index.php?rest_route=\/wp\/v2\/media\/31249"}],"wp:attachment":[{"href":"https:\/\/www.egemtv.com\/index.php?rest_route=%2Fwp%2Fv2%2Fmedia&parent=31248"}],"wp:term":[{"taxonomy":"category","embeddable":true,"href":"https:\/\/www.egemtv.com\/index.php?rest_route=%2Fwp%2Fv2%2Fcategories&post=31248"},{"taxonomy":"post_tag","embeddable":true,"href":"https:\/\/www.egemtv.com\/index.php?rest_route=%2Fwp%2Fv2%2Ftags&post=31248"}],"curies":[{"name":"wp","href":"https:\/\/api.w.org\/{rel}","templated":true}]}}