{"id":31245,"date":"2025-05-25T14:35:39","date_gmt":"2025-05-25T11:35:39","guid":{"rendered":"https:\/\/www.egemtv.com\/?p=31245"},"modified":"2025-05-25T14:35:44","modified_gmt":"2025-05-25T11:35:44","slug":"izmirli-vatandaslar-hafta-sonu-cesmenin-keyfini-cikardi","status":"publish","type":"post","link":"https:\/\/www.egemtv.com\/?p=31245","title":{"rendered":"\u0130zmirli vatanda\u015flar, hafta sonu \u00c7e\u015fme\u2019nin keyfini \u00e7\u0131kard\u0131"},"content":{"rendered":"<p>\u0130zmirli tatilciler hafta sonunu de\u011ferlendirerek Pazar g\u00fcn\u00fc \u00c7e\u015fme\u2019ye ak\u0131n etti. Sezonun a\u00e7\u0131lmas\u0131na k\u0131sa bir s\u00fcre kala vatanda\u015flar bir yandan denize girerken bir yandan da g\u00fcne\u015flenerek tatilin keyfini \u00e7\u0131kard\u0131. \u0130l\u00e7enin en \u00fcnl\u00fc plajlar\u0131ndan Il\u0131ca Plaj\u0131\u2019nda ya\u015fanan yo\u011funluk havadan g\u00f6r\u00fcnt\u00fclendi.<br \/>\n<br \/>\u0130zmir\u2019in en \u00fcnl\u00fc ve g\u00f6zde tatil noktalar\u0131ndan biri olan \u00c7e\u015fme\u2019de Pazar g\u00fcn\u00fc yo\u011funlu\u011fu ya\u015fan\u0131yor. Cuma g\u00fcn\u00fcnden itibaren il\u00e7eye gelmeye ba\u015flayan vatanda\u015flar, b\u00f6lgeye hareketlilik kazand\u0131rd\u0131. Sezonun hen\u00fcz tam olarak a\u00e7\u0131lmamas\u0131na ra\u011fmen \u00c7e\u015fme\u2019nin en \u00fcnl\u00fc plajlar\u0131ndan biri olan Il\u0131ca Plaj\u0131\u2019nda da ya\u015fanan yo\u011funluk ise dikkatleri \u00e7ekti. 3 kilometrelik \u015feridi olan \u00fcnl\u00fc plaja gelen vatanda\u015flar, kumsal\u0131n tad\u0131n\u0131 \u00e7\u0131kard\u0131. Baz\u0131n tatilciler g\u00fcne\u015flenirken baz\u0131lar\u0131 ise denize girerek vakit ge\u00e7irdi. Il\u0131ca Plaj\u0131\u2019nda olu\u015fan kalabal\u0131k havadan g\u00f6r\u00fcnt\u00fclendi.<\/p>\n<p>&#8220;G\u00fcn\u00fc birlik tatile geldik&#8221;<br \/>\n<br \/>Kendisi i\u00e7in yaz sezonunu a\u00e7t\u0131\u011f\u0131n\u0131 dile getiren 37 ya\u015f\u0131ndaki G\u00f6khan Okcan, &#8220;2025 yaz sezonuna ba\u015flad\u0131k. Hava m\u00fcsait gayet s\u0131cak, yani ya\u011fmur dahi olsa deniz sezonunu bizler a\u00e7t\u0131k. \u0130zmirliyiz zaten, bu iklime al\u0131\u015f\u0131\u011f\u0131z gayet keyifli gayet g\u00fczel. Bundan sonra da umar\u0131m g\u00fczel bir sezon olur. \u0130\u015fletmeciler ve turizmciler i\u00e7in de umar\u0131m hay\u0131rl\u0131 bir sene olur. Bizler g\u00fcn\u00fc birlik\u00e7iyiz. S\u0131k s\u0131k geliyoruz hemen hemen her hafta buraday\u0131z. Ama s\u00fcrekli Il\u0131ca\u2019ya gelmiyoruz. Sezon ba\u015f\u0131 ve denizin s\u0131cak taraf\u0131 buras\u0131 oldu\u011fu i\u00e7in \u015fu anda buraday\u0131z&#8221; diye konu\u015ftu.<br \/>\n<br \/>Ailesiyle birlikte tatile gelen H\u00fclya Okcan, denizi \u00e7ok sevdiklerini ifade ederek, &#8220;Biz ge\u00e7ti\u011fimiz hafta da geldik biraz daha so\u011fuktu. Bu hafta su daha g\u00fczel. Zaten biz \u0130zmirliler, denize dayanam\u0131yoruz sezonu beklemeden bile suya atlayabiliyoruz. Bizim i\u00e7in sezon ba\u015flad\u0131. Su biraz \u0131l\u0131k ve sevenler i\u00e7in ger\u00e7ekten iyi \u00e7ok fazla s\u0131cak de\u011fil. Bizler suyu sevdi\u011fimiz i\u00e7in giriyoruz&#8221; dedi.<\/p>\n<p>&#8220;S\u0131caktan dolay\u0131 kuma girdim&#8221;<br \/>\n<br \/>Arkada\u015flar\u0131yla birlikte tatile gelen ve kendisini kuma g\u00f6md\u00fcren 20 ya\u015f\u0131ndaki Hamza Seyfio\u011flu, &#8220;S\u0131caktan dolay\u0131 kuma girdim ve ayn\u0131 zamanda da keyif yapmak i\u00e7in b\u00f6yle bir \u015fey yapt\u0131m. T\u00fcm k\u0131\u015f\u0131n elektri\u011fini \u015fimdi at\u0131yoruz. \u0130zmir\u2019de oturuyorum g\u00fcn\u00fc birlik geldik ve su so\u011fuk ve g\u00fczel&#8221; ifadelerini kulland\u0131.<br \/>\n<br \/>Arkada\u015f grubu ile tatile gelen Kayra Hepkar\u015f\u0131 da \u015funlar\u0131 s\u00f6yledi: &#8220;Bizim i\u00e7in sezon ba\u015flad\u0131 ve g\u00fcn\u00fc birlik buraya geldik. Su \u00e7ok g\u00fczel g\u00fczel \u00c7e\u015fme\u2019yi de seviyoruz.&#8221;<br \/><\/p>\n","protected":false},"excerpt":{"rendered":"<p>\u0130zmirli tatilciler hafta sonunu de\u011ferlendirerek Pazar g\u00fcn\u00fc \u00c7e\u015fme\u2019ye ak\u0131n etti. Sezonun a\u00e7\u0131lmas\u0131na k\u0131sa bir s\u00fcre kala vatanda\u015flar bir yandan denize girerken bir yandan da g\u00fcne\u015flenerek tatilin keyfini \u00e7\u0131kard\u0131. \u0130l\u00e7enin en \u00fcnl\u00fc plajlar\u0131ndan Il\u0131ca Plaj\u0131\u2019nda ya\u015fanan yo\u011funluk havadan g\u00f6r\u00fcnt\u00fclendi. \u0130zmir\u2019in en \u00fcnl\u00fc ve g\u00f6zde tatil noktalar\u0131ndan biri olan \u00c7e\u015fme\u2019de Pazar g\u00fcn\u00fc yo\u011funlu\u011fu ya\u015fan\u0131yor. Cuma g\u00fcn\u00fcnden itibaren&#8230;<\/p>\n","protected":false},"author":1,"featured_media":31246,"comment_status":"open","ping_status":"open","sticky":false,"template":"","format":"standard","meta":{"_crdt_document":"","footnotes":""},"categories":[1],"tags":[],"class_list":["post-31245","post","type-post","status-publish","format-standard","has-post-thumbnail","hentry","category-guncel"],"_links":{"self":[{"href":"https:\/\/www.egemtv.com\/index.php?rest_route=\/wp\/v2\/posts\/31245","targetHints":{"allow":["GET"]}}],"collection":[{"href":"https:\/\/www.egemtv.com\/index.php?rest_route=\/wp\/v2\/posts"}],"about":[{"href":"https:\/\/www.egemtv.com\/index.php?rest_route=\/wp\/v2\/types\/post"}],"author":[{"embeddable":true,"href":"https:\/\/www.egemtv.com\/index.php?rest_route=\/wp\/v2\/users\/1"}],"replies":[{"embeddable":true,"href":"https:\/\/www.egemtv.com\/index.php?rest_route=%2Fwp%2Fv2%2Fcomments&post=31245"}],"version-history":[{"count":1,"href":"https:\/\/www.egemtv.com\/index.php?rest_route=\/wp\/v2\/posts\/31245\/revisions"}],"predecessor-version":[{"id":31247,"href":"https:\/\/www.egemtv.com\/index.php?rest_route=\/wp\/v2\/posts\/31245\/revisions\/31247"}],"wp:featuredmedia":[{"embeddable":true,"href":"https:\/\/www.egemtv.com\/index.php?rest_route=\/wp\/v2\/media\/31246"}],"wp:attachment":[{"href":"https:\/\/www.egemtv.com\/index.php?rest_route=%2Fwp%2Fv2%2Fmedia&parent=31245"}],"wp:term":[{"taxonomy":"category","embeddable":true,"href":"https:\/\/www.egemtv.com\/index.php?rest_route=%2Fwp%2Fv2%2Fcategories&post=31245"},{"taxonomy":"post_tag","embeddable":true,"href":"https:\/\/www.egemtv.com\/index.php?rest_route=%2Fwp%2Fv2%2Ftags&post=31245"}],"curies":[{"name":"wp","href":"https:\/\/api.w.org\/{rel}","templated":true}]}}