{"id":31242,"date":"2025-05-25T14:16:08","date_gmt":"2025-05-25T11:16:08","guid":{"rendered":"https:\/\/www.egemtv.com\/?p=31242"},"modified":"2025-05-25T14:16:16","modified_gmt":"2025-05-25T11:16:16","slug":"devrilen-minibuste-6-kisi-yaralandi","status":"publish","type":"post","link":"https:\/\/www.egemtv.com\/?p=31242","title":{"rendered":"Devrilen minib\u00fcste 6 ki\u015fi yaraland\u0131"},"content":{"rendered":"<p>Afyonkarahisar\u2019da kontrolden \u00e7\u0131karak tar\u0131m arazisine devrilen yolcu minib\u00fcs\u00fcnde 6 ki\u015fi yaraland\u0131.<br \/>\n<br \/>Kaza, Sinanpa\u015fa il\u00e7esi Balmahmut k\u00f6y\u00fc yak\u0131nlar\u0131nda meydana geldi. Edinilen bilgilere g\u00f6re, G.K. (64) idaresindeki 06 ENT 403 plakal\u0131 minib\u00fcs, il\u00e7enin Balmahmut k\u00f6y\u00fc mevkinde kontrolden \u00e7\u0131karak araziye devrildi. \u0130hbar \u00fczerine olay yerine sa\u011fl\u0131k ve jandarma ekipleri sevk edildi. Olay yerine gelen ekipler kazada yaralanan minib\u00fcste yolcu olarak bulunan E.E. (40), K.K. (37), H.\u00dc.A. (56), \u015e.\u00d6. (54), E.K. (37) ve E.B.\u2019yi (39) ambulanslarla hastaneye kald\u0131rd\u0131.<br \/>\n<br \/>Kazan\u0131n ard\u0131ndan jandarma taraf\u0131ndan inceleme ba\u015flat\u0131ld\u0131.<br \/><\/p>\n","protected":false},"excerpt":{"rendered":"<p>Afyonkarahisar\u2019da kontrolden \u00e7\u0131karak tar\u0131m arazisine devrilen yolcu minib\u00fcs\u00fcnde 6 ki\u015fi yaraland\u0131. Kaza, Sinanpa\u015fa il\u00e7esi Balmahmut k\u00f6y\u00fc yak\u0131nlar\u0131nda meydana geldi. Edinilen bilgilere g\u00f6re, G.K. (64) idaresindeki 06 ENT 403 plakal\u0131 minib\u00fcs, il\u00e7enin Balmahmut k\u00f6y\u00fc mevkinde kontrolden \u00e7\u0131karak araziye devrildi. \u0130hbar \u00fczerine olay yerine sa\u011fl\u0131k ve jandarma ekipleri sevk edildi. Olay yerine gelen ekipler kazada yaralanan minib\u00fcste&#8230;<\/p>\n","protected":false},"author":1,"featured_media":31243,"comment_status":"open","ping_status":"open","sticky":false,"template":"","format":"standard","meta":{"_crdt_document":"","footnotes":""},"categories":[5],"tags":[],"class_list":["post-31242","post","type-post","status-publish","format-standard","has-post-thumbnail","hentry","category-asayis"],"_links":{"self":[{"href":"https:\/\/www.egemtv.com\/index.php?rest_route=\/wp\/v2\/posts\/31242","targetHints":{"allow":["GET"]}}],"collection":[{"href":"https:\/\/www.egemtv.com\/index.php?rest_route=\/wp\/v2\/posts"}],"about":[{"href":"https:\/\/www.egemtv.com\/index.php?rest_route=\/wp\/v2\/types\/post"}],"author":[{"embeddable":true,"href":"https:\/\/www.egemtv.com\/index.php?rest_route=\/wp\/v2\/users\/1"}],"replies":[{"embeddable":true,"href":"https:\/\/www.egemtv.com\/index.php?rest_route=%2Fwp%2Fv2%2Fcomments&post=31242"}],"version-history":[{"count":1,"href":"https:\/\/www.egemtv.com\/index.php?rest_route=\/wp\/v2\/posts\/31242\/revisions"}],"predecessor-version":[{"id":31244,"href":"https:\/\/www.egemtv.com\/index.php?rest_route=\/wp\/v2\/posts\/31242\/revisions\/31244"}],"wp:featuredmedia":[{"embeddable":true,"href":"https:\/\/www.egemtv.com\/index.php?rest_route=\/wp\/v2\/media\/31243"}],"wp:attachment":[{"href":"https:\/\/www.egemtv.com\/index.php?rest_route=%2Fwp%2Fv2%2Fmedia&parent=31242"}],"wp:term":[{"taxonomy":"category","embeddable":true,"href":"https:\/\/www.egemtv.com\/index.php?rest_route=%2Fwp%2Fv2%2Fcategories&post=31242"},{"taxonomy":"post_tag","embeddable":true,"href":"https:\/\/www.egemtv.com\/index.php?rest_route=%2Fwp%2Fv2%2Ftags&post=31242"}],"curies":[{"name":"wp","href":"https:\/\/api.w.org\/{rel}","templated":true}]}}