{"id":31239,"date":"2025-05-25T13:36:03","date_gmt":"2025-05-25T10:36:03","guid":{"rendered":"https:\/\/www.egemtv.com\/?p=31239"},"modified":"2025-05-25T13:36:11","modified_gmt":"2025-05-25T10:36:11","slug":"didimde-arac-takla-atti-1-yarali","status":"publish","type":"post","link":"https:\/\/www.egemtv.com\/?p=31239","title":{"rendered":"Didim\u2019de ara\u00e7 takla att\u0131: 1 yaral\u0131"},"content":{"rendered":"<p>Ayd\u0131n\u2019\u0131n Didim il\u00e7esinde bir arac\u0131n takla atmas\u0131 sonucu meydana gelen trafik kazas\u0131nda bir ki\u015fi yaraland\u0131.<\/p>\n<p>Kaza Denizk\u00f6y Mahallesi, S\u00f6ke-Akb\u00fck karayolunda meydana geldi. Edinilen bilgiye g\u00f6re, 09 EY 504 plakal\u0131 hafif ticari ara\u00e7, S\u00f6ke istikametinden Didim istikametine giderken s\u00fcr\u00fcc\u00fcn\u00fcn direksiyon hakimiyetine kaybetmesi ile yoldan \u00e7\u0131kan ara\u00e7 yakla\u015f\u0131k 70 metre  s\u00fcr\u00fcklenip takla att\u0131. Yoldan gecen s\u00fcr\u00fcc\u00fclerin ihbar\u0131 ile kaza mahalline 112 acil ilk yard\u0131m ekibi, Ayd\u0131n B\u00fcy\u00fck\u015fehir Belediyesi Didim itfaiye Amirli\u011fine ba\u011fl\u0131 itfaiye ekibi ve Jandarma y\u00f6nlendirildi.  \u0130tfaiye ekibinin titiz \u00e7al\u0131\u015fmas\u0131 ile yaral\u0131 s\u00fcr\u00fcc\u00fc arac\u0131n arka koltu\u011fundan \u00e7\u0131kart\u0131larak ilk yard\u0131m ekibine teslim edildi. Yaral\u0131 ambulansla Didim Devlet Hastanesi\u2019ne kald\u0131r\u0131ld\u0131.<br \/>\n<br \/>Kazayla ilgili soru\u015fturma s\u00fcr\u00fcyor.<br \/><\/p>\n","protected":false},"excerpt":{"rendered":"<p>Ayd\u0131n\u2019\u0131n Didim il\u00e7esinde bir arac\u0131n takla atmas\u0131 sonucu meydana gelen trafik kazas\u0131nda bir ki\u015fi yaraland\u0131. Kaza Denizk\u00f6y Mahallesi, S\u00f6ke-Akb\u00fck karayolunda meydana geldi. Edinilen bilgiye g\u00f6re, 09 EY 504 plakal\u0131 hafif ticari ara\u00e7, S\u00f6ke istikametinden Didim istikametine giderken s\u00fcr\u00fcc\u00fcn\u00fcn direksiyon hakimiyetine kaybetmesi ile yoldan \u00e7\u0131kan ara\u00e7 yakla\u015f\u0131k 70 metre s\u00fcr\u00fcklenip takla att\u0131. Yoldan gecen s\u00fcr\u00fcc\u00fclerin ihbar\u0131&#8230;<\/p>\n","protected":false},"author":1,"featured_media":31240,"comment_status":"open","ping_status":"open","sticky":false,"template":"","format":"standard","meta":{"_crdt_document":"","footnotes":""},"categories":[5],"tags":[],"class_list":["post-31239","post","type-post","status-publish","format-standard","has-post-thumbnail","hentry","category-asayis"],"_links":{"self":[{"href":"https:\/\/www.egemtv.com\/index.php?rest_route=\/wp\/v2\/posts\/31239","targetHints":{"allow":["GET"]}}],"collection":[{"href":"https:\/\/www.egemtv.com\/index.php?rest_route=\/wp\/v2\/posts"}],"about":[{"href":"https:\/\/www.egemtv.com\/index.php?rest_route=\/wp\/v2\/types\/post"}],"author":[{"embeddable":true,"href":"https:\/\/www.egemtv.com\/index.php?rest_route=\/wp\/v2\/users\/1"}],"replies":[{"embeddable":true,"href":"https:\/\/www.egemtv.com\/index.php?rest_route=%2Fwp%2Fv2%2Fcomments&post=31239"}],"version-history":[{"count":1,"href":"https:\/\/www.egemtv.com\/index.php?rest_route=\/wp\/v2\/posts\/31239\/revisions"}],"predecessor-version":[{"id":31241,"href":"https:\/\/www.egemtv.com\/index.php?rest_route=\/wp\/v2\/posts\/31239\/revisions\/31241"}],"wp:featuredmedia":[{"embeddable":true,"href":"https:\/\/www.egemtv.com\/index.php?rest_route=\/wp\/v2\/media\/31240"}],"wp:attachment":[{"href":"https:\/\/www.egemtv.com\/index.php?rest_route=%2Fwp%2Fv2%2Fmedia&parent=31239"}],"wp:term":[{"taxonomy":"category","embeddable":true,"href":"https:\/\/www.egemtv.com\/index.php?rest_route=%2Fwp%2Fv2%2Fcategories&post=31239"},{"taxonomy":"post_tag","embeddable":true,"href":"https:\/\/www.egemtv.com\/index.php?rest_route=%2Fwp%2Fv2%2Ftags&post=31239"}],"curies":[{"name":"wp","href":"https:\/\/api.w.org\/{rel}","templated":true}]}}