{"id":31236,"date":"2025-05-25T13:16:21","date_gmt":"2025-05-25T10:16:21","guid":{"rendered":"https:\/\/www.egemtv.com\/?p=31236"},"modified":"2025-05-25T13:16:25","modified_gmt":"2025-05-25T10:16:25","slug":"fethiyede-dalgiclardan-deniz-altinda-sampiyonluk-kutlamasi","status":"publish","type":"post","link":"https:\/\/www.egemtv.com\/?p=31236","title":{"rendered":"Fethiye\u2019de dalg\u0131\u00e7lardan deniz alt\u0131nda \u015fampiyonluk kutlamas\u0131"},"content":{"rendered":"<p>Fethiye\u2019de bir grup dalg\u0131\u00e7, su alt\u0131nda sar\u0131-k\u0131rm\u0131z\u0131l\u0131 bayraklarla resmi ge\u00e7it yaparak Galatasaray\u2019\u0131n \u015fampiyonlu\u011funu kutlad\u0131lar.<br \/>\n<br \/>Galatasaray\u2019\u0131n Trendyol S\u00fcper Lig\u2019de 2024-2025 sezonu \u015fampiyonlu\u011fu sonras\u0131 kutlamalar devam ediyor. Sar\u0131-k\u0131rm\u0131z\u0131lar\u0131n 25. \u015fampiyonlu\u011funu kazanmas\u0131 sebebiyle Mu\u011fla\u2019n\u0131n Fethiye il\u00e7esinde bir grup dalg\u0131\u00e7 deniz dibinde sar\u0131-k\u0131rm\u0131z\u0131l\u0131 Galatasaray bayraklar\u0131yla resmi ge\u00e7it ger\u00e7ekle\u015ftirdi.<br \/>\n<br \/>Fethiye Dal\u0131\u015f Merkezi dalg\u0131\u00e7 e\u011fitmenleri \u00d6nder Dikta\u015f, Alperen Beyaz, Bar\u0131\u015f Safran, Berkay \u00c7etin, Burkay Kay\u0131ran ve \u0130brahim Tombak Dalyan koyunda denizin 5 metre derinli\u011finde sar\u0131 k\u0131rm\u0131z\u0131 bayraklarla \u015fampiyonluk kutlamas\u0131 ger\u00e7ekle\u015ftirdiler.<br \/>\n<br \/>Dalg\u0131\u00e7lar, \u00fczerinde 5 y\u0131ld\u0131z bulunan aslanl\u0131 bayraklar ile deniz dibinde bal\u0131klar aras\u0131nda \u015fampiyonluk turu att\u0131lar. Bir dalg\u0131\u00e7 ise \u00fczerinde, &#8220;Ger\u00e7ekleri tarih yazar tarihi de Galatasaray&#8221; yaz\u0131l\u0131 sar\u0131-k\u0131rm\u0131z\u0131l\u0131 ka\u015fkol a\u00e7arken deniz dibinin sessizli\u011fine Galatasaray\u2019\u0131n \u015fampiyonluk co\u015fkusunu ta\u015f\u0131d\u0131.<br \/>\n<br \/>Dalg\u0131\u00e7 e\u011fitmeni \u00d6nder Dikta\u015f, &#8220;Fethiye Dal\u0131\u015f Merkezi olarak 2024-2025 sezonunu \u015fampiyon tamamlayan Galatasaray\u2019\u0131 g\u00f6n\u00fclden kutluyoruz. Suyun alt\u0131ndaki sessizli\u011fe bu b\u00fcy\u00fck zaferin co\u015fkusunu ta\u015f\u0131yoruz. \u015eampiyon Galatasaray. Denizin derinliklerinden zaferin zirvesine. Biz de su alt\u0131nda Galatasaray\u2019\u0131n hem 5. y\u0131ld\u0131z\u0131n\u0131, hem 25. \u015fampiyonlu\u011funu kutlad\u0131k, \u00e7ok mutluyuz&#8221; ifadelerini kulland\u0131.<br \/><\/p>\n","protected":false},"excerpt":{"rendered":"<p>Fethiye\u2019de bir grup dalg\u0131\u00e7, su alt\u0131nda sar\u0131-k\u0131rm\u0131z\u0131l\u0131 bayraklarla resmi ge\u00e7it yaparak Galatasaray\u2019\u0131n \u015fampiyonlu\u011funu kutlad\u0131lar. Galatasaray\u2019\u0131n Trendyol S\u00fcper Lig\u2019de 2024-2025 sezonu \u015fampiyonlu\u011fu sonras\u0131 kutlamalar devam ediyor. Sar\u0131-k\u0131rm\u0131z\u0131lar\u0131n 25. \u015fampiyonlu\u011funu kazanmas\u0131 sebebiyle Mu\u011fla\u2019n\u0131n Fethiye il\u00e7esinde bir grup dalg\u0131\u00e7 deniz dibinde sar\u0131-k\u0131rm\u0131z\u0131l\u0131 Galatasaray bayraklar\u0131yla resmi ge\u00e7it ger\u00e7ekle\u015ftirdi. Fethiye Dal\u0131\u015f Merkezi dalg\u0131\u00e7 e\u011fitmenleri \u00d6nder Dikta\u015f, Alperen Beyaz, Bar\u0131\u015f Safran,&#8230;<\/p>\n","protected":false},"author":1,"featured_media":31237,"comment_status":"open","ping_status":"open","sticky":false,"template":"","format":"standard","meta":{"_crdt_document":"","footnotes":""},"categories":[4],"tags":[],"class_list":["post-31236","post","type-post","status-publish","format-standard","has-post-thumbnail","hentry","category-spor"],"_links":{"self":[{"href":"https:\/\/www.egemtv.com\/index.php?rest_route=\/wp\/v2\/posts\/31236","targetHints":{"allow":["GET"]}}],"collection":[{"href":"https:\/\/www.egemtv.com\/index.php?rest_route=\/wp\/v2\/posts"}],"about":[{"href":"https:\/\/www.egemtv.com\/index.php?rest_route=\/wp\/v2\/types\/post"}],"author":[{"embeddable":true,"href":"https:\/\/www.egemtv.com\/index.php?rest_route=\/wp\/v2\/users\/1"}],"replies":[{"embeddable":true,"href":"https:\/\/www.egemtv.com\/index.php?rest_route=%2Fwp%2Fv2%2Fcomments&post=31236"}],"version-history":[{"count":1,"href":"https:\/\/www.egemtv.com\/index.php?rest_route=\/wp\/v2\/posts\/31236\/revisions"}],"predecessor-version":[{"id":31238,"href":"https:\/\/www.egemtv.com\/index.php?rest_route=\/wp\/v2\/posts\/31236\/revisions\/31238"}],"wp:featuredmedia":[{"embeddable":true,"href":"https:\/\/www.egemtv.com\/index.php?rest_route=\/wp\/v2\/media\/31237"}],"wp:attachment":[{"href":"https:\/\/www.egemtv.com\/index.php?rest_route=%2Fwp%2Fv2%2Fmedia&parent=31236"}],"wp:term":[{"taxonomy":"category","embeddable":true,"href":"https:\/\/www.egemtv.com\/index.php?rest_route=%2Fwp%2Fv2%2Fcategories&post=31236"},{"taxonomy":"post_tag","embeddable":true,"href":"https:\/\/www.egemtv.com\/index.php?rest_route=%2Fwp%2Fv2%2Ftags&post=31236"}],"curies":[{"name":"wp","href":"https:\/\/api.w.org\/{rel}","templated":true}]}}