{"id":31212,"date":"2025-05-25T11:36:10","date_gmt":"2025-05-25T08:36:10","guid":{"rendered":"https:\/\/www.egemtv.com\/?p=31212"},"modified":"2025-05-25T11:36:14","modified_gmt":"2025-05-25T08:36:14","slug":"sahil-guvenlik-geri-itilen-16si-cocuk-53-gocmeni-kurtardi","status":"publish","type":"post","link":"https:\/\/www.egemtv.com\/?p=31212","title":{"rendered":"Sahil G\u00fcvenlik, geri itilen 16\u2019s\u0131 \u00e7ocuk 53 g\u00f6\u00e7meni kurtard\u0131"},"content":{"rendered":"<p>\u0130zmir\u2019in \u00c7e\u015fme ve Seferihisar il\u00e7esi a\u00e7\u0131klar\u0131nda Yunanistan unsurlar\u0131 taraf\u0131ndan geri itilen lastik botlar i\u00e7erisinde bulunan 16\u2019s\u0131 \u00e7ocuk toplam 53 d\u00fczensiz g\u00f6\u00e7men, Sahil G\u00fcvenlik ekipleri taraf\u0131ndan kurtar\u0131ld\u0131.<br \/>\n<br \/>Sahil G\u00fcvenlik Komutanl\u0131\u011f\u0131 ekipleri, 23 May\u0131s 06.35\u2019te \u00c7e\u015fme il\u00e7esi, 12.30\u2019da ise Seferihisar il\u00e7esi a\u00e7\u0131klar\u0131nda lastik bot i\u00e7erisinde bir grup d\u00fczensiz g\u00f6\u00e7men oldu\u011fu bilgisinin al\u0131nmas\u0131 \u00fczerine harekete ge\u00e7ti. Yunanistan unsurlar\u0131 taraf\u0131ndan T\u00fcrk kara sular\u0131na geri itildi\u011fi anla\u015f\u0131lan lastik botlar i\u00e7erisindeki 16\u2019s\u0131 \u00e7ocuk toplam 53 d\u00fczensiz g\u00f6\u00e7men, g\u00f6revlendirilen Sahil G\u00fcvenlik ekipleri taraf\u0131ndan kurtar\u0131ld\u0131.<br \/>\n<br \/>Karaya \u00e7\u0131kart\u0131lan g\u00f6\u00e7menler, sa\u011fl\u0131k kontrolleri ve i\u015flemlerinin ard\u0131ndan \u0130l G\u00f6\u00e7 \u0130daresi M\u00fcd\u00fcrl\u00fc\u011f\u00fc Geri G\u00f6nderme Merkezine sevk edildi.<br \/><\/p>\n","protected":false},"excerpt":{"rendered":"<p>\u0130zmir\u2019in \u00c7e\u015fme ve Seferihisar il\u00e7esi a\u00e7\u0131klar\u0131nda Yunanistan unsurlar\u0131 taraf\u0131ndan geri itilen lastik botlar i\u00e7erisinde bulunan 16\u2019s\u0131 \u00e7ocuk toplam 53 d\u00fczensiz g\u00f6\u00e7men, Sahil G\u00fcvenlik ekipleri taraf\u0131ndan kurtar\u0131ld\u0131. Sahil G\u00fcvenlik Komutanl\u0131\u011f\u0131 ekipleri, 23 May\u0131s 06.35\u2019te \u00c7e\u015fme il\u00e7esi, 12.30\u2019da ise Seferihisar il\u00e7esi a\u00e7\u0131klar\u0131nda lastik bot i\u00e7erisinde bir grup d\u00fczensiz g\u00f6\u00e7men oldu\u011fu bilgisinin al\u0131nmas\u0131 \u00fczerine harekete ge\u00e7ti. Yunanistan unsurlar\u0131&#8230;<\/p>\n","protected":false},"author":1,"featured_media":31213,"comment_status":"open","ping_status":"open","sticky":false,"template":"","format":"standard","meta":{"_crdt_document":"","footnotes":""},"categories":[5],"tags":[],"class_list":["post-31212","post","type-post","status-publish","format-standard","has-post-thumbnail","hentry","category-asayis"],"_links":{"self":[{"href":"https:\/\/www.egemtv.com\/index.php?rest_route=\/wp\/v2\/posts\/31212","targetHints":{"allow":["GET"]}}],"collection":[{"href":"https:\/\/www.egemtv.com\/index.php?rest_route=\/wp\/v2\/posts"}],"about":[{"href":"https:\/\/www.egemtv.com\/index.php?rest_route=\/wp\/v2\/types\/post"}],"author":[{"embeddable":true,"href":"https:\/\/www.egemtv.com\/index.php?rest_route=\/wp\/v2\/users\/1"}],"replies":[{"embeddable":true,"href":"https:\/\/www.egemtv.com\/index.php?rest_route=%2Fwp%2Fv2%2Fcomments&post=31212"}],"version-history":[{"count":1,"href":"https:\/\/www.egemtv.com\/index.php?rest_route=\/wp\/v2\/posts\/31212\/revisions"}],"predecessor-version":[{"id":31214,"href":"https:\/\/www.egemtv.com\/index.php?rest_route=\/wp\/v2\/posts\/31212\/revisions\/31214"}],"wp:featuredmedia":[{"embeddable":true,"href":"https:\/\/www.egemtv.com\/index.php?rest_route=\/wp\/v2\/media\/31213"}],"wp:attachment":[{"href":"https:\/\/www.egemtv.com\/index.php?rest_route=%2Fwp%2Fv2%2Fmedia&parent=31212"}],"wp:term":[{"taxonomy":"category","embeddable":true,"href":"https:\/\/www.egemtv.com\/index.php?rest_route=%2Fwp%2Fv2%2Fcategories&post=31212"},{"taxonomy":"post_tag","embeddable":true,"href":"https:\/\/www.egemtv.com\/index.php?rest_route=%2Fwp%2Fv2%2Ftags&post=31212"}],"curies":[{"name":"wp","href":"https:\/\/api.w.org\/{rel}","templated":true}]}}