{"id":31209,"date":"2025-05-25T11:15:29","date_gmt":"2025-05-25T08:15:29","guid":{"rendered":"https:\/\/www.egemtv.com\/?p=31209"},"modified":"2025-05-25T11:15:33","modified_gmt":"2025-05-25T08:15:33","slug":"kurban-pazarlarinda-saglik-ve-hijyen-kontrolu","status":"publish","type":"post","link":"https:\/\/www.egemtv.com\/?p=31209","title":{"rendered":"Kurban pazarlar\u0131nda sa\u011fl\u0131k ve hijyen kontrol\u00fc"},"content":{"rendered":"<p>Yakla\u015fan Kurban Bayram\u0131 \u00f6ncesi hayvan hazarlar\u0131nda hareketlilik ba\u015flad\u0131. Mu\u011fla\u2019n\u0131n en b\u00fcy\u00fck hayvan pazarlar\u0131ndan birisi olan Bay\u0131r Hayvan Pazar\u0131nda da hareketlilik art\u0131.<br \/>\n<br \/>Mu\u011fla \u0130l Tar\u0131m ve Orman M\u00fcd\u00fcr\u00fc Seyfettin Baydar, Kurban Bayram\u0131 \u00f6ncesi hayvan pazarlar\u0131n\u0131 ziyaret ederek sa\u011fl\u0131k ve hijyen kontrollerini yerinde inceledi. \u0130l M\u00fcd\u00fcr\u00fc Baydar, vatanda\u015flar\u0131n g\u00f6n\u00fcl rahatl\u0131\u011f\u0131yla kurban ibadetlerini yerine getirebilmeleri i\u00e7in denetimlerin aral\u0131ks\u0131z olarak s\u00fcrece\u011fini belirtti.<br \/>\n<br \/>Mu\u011fla b\u00f6lgesindeki hayvan pazarlar\u0131nda \u00fcreticilere, hayvanla ilgili her t\u00fcrl\u00fc bilgiye ula\u015fabilecekleri \u2018Tar\u0131m Cebimde\u2019 uygulamas\u0131 hakk\u0131nda bilgilendirme yap\u0131larak bro\u015f\u00fcr da\u011f\u0131t\u0131ld\u0131.<br \/><\/p>\n","protected":false},"excerpt":{"rendered":"<p>Yakla\u015fan Kurban Bayram\u0131 \u00f6ncesi hayvan hazarlar\u0131nda hareketlilik ba\u015flad\u0131. Mu\u011fla\u2019n\u0131n en b\u00fcy\u00fck hayvan pazarlar\u0131ndan birisi olan Bay\u0131r Hayvan Pazar\u0131nda da hareketlilik art\u0131. Mu\u011fla \u0130l Tar\u0131m ve Orman M\u00fcd\u00fcr\u00fc Seyfettin Baydar, Kurban Bayram\u0131 \u00f6ncesi hayvan pazarlar\u0131n\u0131 ziyaret ederek sa\u011fl\u0131k ve hijyen kontrollerini yerinde inceledi. \u0130l M\u00fcd\u00fcr\u00fc Baydar, vatanda\u015flar\u0131n g\u00f6n\u00fcl rahatl\u0131\u011f\u0131yla kurban ibadetlerini yerine getirebilmeleri i\u00e7in denetimlerin aral\u0131ks\u0131z&#8230;<\/p>\n","protected":false},"author":1,"featured_media":31210,"comment_status":"open","ping_status":"open","sticky":false,"template":"","format":"standard","meta":{"_crdt_document":"","footnotes":""},"categories":[2],"tags":[],"class_list":["post-31209","post","type-post","status-publish","format-standard","has-post-thumbnail","hentry","category-saglik"],"_links":{"self":[{"href":"https:\/\/www.egemtv.com\/index.php?rest_route=\/wp\/v2\/posts\/31209","targetHints":{"allow":["GET"]}}],"collection":[{"href":"https:\/\/www.egemtv.com\/index.php?rest_route=\/wp\/v2\/posts"}],"about":[{"href":"https:\/\/www.egemtv.com\/index.php?rest_route=\/wp\/v2\/types\/post"}],"author":[{"embeddable":true,"href":"https:\/\/www.egemtv.com\/index.php?rest_route=\/wp\/v2\/users\/1"}],"replies":[{"embeddable":true,"href":"https:\/\/www.egemtv.com\/index.php?rest_route=%2Fwp%2Fv2%2Fcomments&post=31209"}],"version-history":[{"count":1,"href":"https:\/\/www.egemtv.com\/index.php?rest_route=\/wp\/v2\/posts\/31209\/revisions"}],"predecessor-version":[{"id":31211,"href":"https:\/\/www.egemtv.com\/index.php?rest_route=\/wp\/v2\/posts\/31209\/revisions\/31211"}],"wp:featuredmedia":[{"embeddable":true,"href":"https:\/\/www.egemtv.com\/index.php?rest_route=\/wp\/v2\/media\/31210"}],"wp:attachment":[{"href":"https:\/\/www.egemtv.com\/index.php?rest_route=%2Fwp%2Fv2%2Fmedia&parent=31209"}],"wp:term":[{"taxonomy":"category","embeddable":true,"href":"https:\/\/www.egemtv.com\/index.php?rest_route=%2Fwp%2Fv2%2Fcategories&post=31209"},{"taxonomy":"post_tag","embeddable":true,"href":"https:\/\/www.egemtv.com\/index.php?rest_route=%2Fwp%2Fv2%2Ftags&post=31209"}],"curies":[{"name":"wp","href":"https:\/\/api.w.org\/{rel}","templated":true}]}}