{"id":31206,"date":"2025-05-25T11:15:27","date_gmt":"2025-05-25T08:15:27","guid":{"rendered":"https:\/\/www.egemtv.com\/?p=31206"},"modified":"2025-05-25T11:15:29","modified_gmt":"2025-05-25T08:15:29","slug":"aliaga-fkda-ibrahim-yilmaz-ve-oguz-yildirim-kadroda","status":"publish","type":"post","link":"https:\/\/www.egemtv.com\/?p=31206","title":{"rendered":"Alia\u011fa FK\u2019da \u0130brahim Y\u0131lmaz ve O\u011fuz Y\u0131ld\u0131r\u0131m kadroda"},"content":{"rendered":"<p>TFF 2. Lig ekiplerinden Alia\u011fa FK, d\u0131\u015f transferde Aksarayspor\u2019un golc\u00fc ismi \u0130brahim Y\u0131lmaz\u2019\u0131 kadrosuna katarken, i\u00e7 transferde ise orta saha oyuncusu O\u011fuzhan Y\u0131ld\u0131r\u0131m ile 2 y\u0131ll\u0131k yeni s\u00f6zle\u015fme imzalad\u0131.<br \/>\n<br \/>Alia\u011fa FK, bu sezon  2. Lig K\u0131rm\u0131z\u0131 grupta m\u00fccadele eden Aksarayspor formas\u0131 alt\u0131nda g\u00f6sterdi\u011fi ba\u015far\u0131l\u0131 performansla dikkat \u00e7eken golc\u00fc futbolcu \u0130brahim Y\u0131lmaz ile anla\u015fmaya vard\u0131\u011f\u0131n\u0131 duyurdu.<br \/>\n<br \/>31 ya\u015f\u0131ndaki tecr\u00fcbeli santrfor, geride kalan sezonda 15 gol, 19 asistlik katk\u0131 sa\u011flarken hem gol yollar\u0131nda hem de oyun kurulumunda \u00f6nemli bir rol \u00fcstlendi. Gol krall\u0131\u011f\u0131 yar\u0131\u015f\u0131nda ad\u0131ndan s\u00f6z ettiren Y\u0131lmaz\u2019\u0131n Alia\u011fa FK\u2019ya transferi, taraftarlar aras\u0131nda heyecanla kar\u015f\u0131land\u0131.<br \/>\n<br \/>\u0130\u00e7 transfer \u00e7al\u0131\u015fmalar\u0131n\u0131 da s\u00fcrd\u00fcren Alia\u011fa FK, orta saha oyuncusu O\u011fuzhan  Y\u0131ld\u0131r\u0131m ile 2 y\u0131ll\u0131k yeni s\u00f6zle\u015fme imzalad\u0131. Kul\u00fcb\u00fcn sosyal medya hesab\u0131ndan yap\u0131lan a\u00e7\u0131klamada, &#8220;Tak\u0131m\u0131m\u0131z\u0131n jokeri O\u011fuzhan Y\u0131ld\u0131r\u0131m ile 2 y\u0131ll\u0131k yeni s\u00f6zle\u015fmemizi imzalad\u0131k. Yeni sezonda ba\u015far\u0131lar dileriz&#8221; denildi.<br \/><\/p>\n","protected":false},"excerpt":{"rendered":"<p>TFF 2. Lig ekiplerinden Alia\u011fa FK, d\u0131\u015f transferde Aksarayspor\u2019un golc\u00fc ismi \u0130brahim Y\u0131lmaz\u2019\u0131 kadrosuna katarken, i\u00e7 transferde ise orta saha oyuncusu O\u011fuzhan Y\u0131ld\u0131r\u0131m ile 2 y\u0131ll\u0131k yeni s\u00f6zle\u015fme imzalad\u0131. Alia\u011fa FK, bu sezon 2. Lig K\u0131rm\u0131z\u0131 grupta m\u00fccadele eden Aksarayspor formas\u0131 alt\u0131nda g\u00f6sterdi\u011fi ba\u015far\u0131l\u0131 performansla dikkat \u00e7eken golc\u00fc futbolcu \u0130brahim Y\u0131lmaz ile anla\u015fmaya vard\u0131\u011f\u0131n\u0131 duyurdu&#8230;.<\/p>\n","protected":false},"author":1,"featured_media":31207,"comment_status":"open","ping_status":"open","sticky":false,"template":"","format":"standard","meta":{"_crdt_document":"","footnotes":""},"categories":[4],"tags":[],"class_list":["post-31206","post","type-post","status-publish","format-standard","has-post-thumbnail","hentry","category-spor"],"_links":{"self":[{"href":"https:\/\/www.egemtv.com\/index.php?rest_route=\/wp\/v2\/posts\/31206","targetHints":{"allow":["GET"]}}],"collection":[{"href":"https:\/\/www.egemtv.com\/index.php?rest_route=\/wp\/v2\/posts"}],"about":[{"href":"https:\/\/www.egemtv.com\/index.php?rest_route=\/wp\/v2\/types\/post"}],"author":[{"embeddable":true,"href":"https:\/\/www.egemtv.com\/index.php?rest_route=\/wp\/v2\/users\/1"}],"replies":[{"embeddable":true,"href":"https:\/\/www.egemtv.com\/index.php?rest_route=%2Fwp%2Fv2%2Fcomments&post=31206"}],"version-history":[{"count":1,"href":"https:\/\/www.egemtv.com\/index.php?rest_route=\/wp\/v2\/posts\/31206\/revisions"}],"predecessor-version":[{"id":31208,"href":"https:\/\/www.egemtv.com\/index.php?rest_route=\/wp\/v2\/posts\/31206\/revisions\/31208"}],"wp:featuredmedia":[{"embeddable":true,"href":"https:\/\/www.egemtv.com\/index.php?rest_route=\/wp\/v2\/media\/31207"}],"wp:attachment":[{"href":"https:\/\/www.egemtv.com\/index.php?rest_route=%2Fwp%2Fv2%2Fmedia&parent=31206"}],"wp:term":[{"taxonomy":"category","embeddable":true,"href":"https:\/\/www.egemtv.com\/index.php?rest_route=%2Fwp%2Fv2%2Fcategories&post=31206"},{"taxonomy":"post_tag","embeddable":true,"href":"https:\/\/www.egemtv.com\/index.php?rest_route=%2Fwp%2Fv2%2Ftags&post=31206"}],"curies":[{"name":"wp","href":"https:\/\/api.w.org\/{rel}","templated":true}]}}