{"id":31203,"date":"2025-05-25T10:57:52","date_gmt":"2025-05-25T07:57:52","guid":{"rendered":"https:\/\/www.egemtv.com\/?p=31203"},"modified":"2025-05-25T10:57:57","modified_gmt":"2025-05-25T07:57:57","slug":"baskan-gencay-cevreci-belediyeler-birligine-encumen-uyesi-secildi","status":"publish","type":"post","link":"https:\/\/www.egemtv.com\/?p=31203","title":{"rendered":"Ba\u015fkan Gen\u00e7ay, \u00c7evreci Belediyeler Birli\u011fi\u2019ne Enc\u00fcmen \u00dcyesi se\u00e7ildi"},"content":{"rendered":"<p>\u00c7evreci Belediyeler Birli\u011fi 2025 Y\u0131l\u0131 1. Ola\u011fan Meclis Toplant\u0131 Bal\u0131kesir\u2019in Edremit il\u00e7esinde ger\u00e7ekle\u015ftirildi.<\/p>\n<p>Edremit Belediye Ba\u015fkan\u0131 Mehmet Erta\u015f\u2019\u0131n ev sahipli\u011finde, Birlik Ba\u015fkan\u0131 Burhaniye Belediye Ba\u015fkan\u0131 Ali Kemal Deveciler\u2019in ba\u015fkanl\u0131\u011f\u0131nda ger\u00e7ekle\u015ftirilen toplant\u0131da, Didim Belediye Ba\u015fkan\u0131 Hatice Gen\u00e7ay, Dikili Belediye Ba\u015fkan\u0131 Adil K\u0131rg\u00f6z, Milas Belediye Ba\u015fkan\u0131 Fevzi Topuz, \u015eark\u00f6y Belediye Ba\u015fkan\u0131 Alpay Var, Ala\u015fehir Belediye Ba\u015fkan\u0131 Ahmet \u00d6k\u00fczc\u00fco\u011flu, Bozkurt Belediye Ba\u015fkan\u0131 Birsen \u00c7elik, \u00c7anakkale Belediyesi Meclis \u00dcyesi Fatma Kayna\u015f, Birlik Ba\u015fkan Vekili Co\u015fkun Tan\u0131\u015f enc\u00fcmen \u00fcyeli\u011fine se\u00e7ildi.<br \/>\n<br \/>\u00c7evreyi korumak, do\u011fal kaynaklar\u0131 verimli kullanmak ve s\u00fcrd\u00fcr\u00fclebilir bir gelecek i\u00e7in at\u0131labilecek ad\u0131mlar\u0131n de\u011ferlendirildi\u011fi toplant\u0131da, birlik \u00fcyeleri kar\u015f\u0131l\u0131kl\u0131 g\u00f6r\u00fc\u015f al\u0131\u015fveri\u015finde bulundu.<br \/>\n<br \/>Konu ile ilgili bilgi veren Ba\u015fkan Gen\u00e7ay, &#8220;\u00c7evreci Belediyeler Birli\u011fi Enc\u00fcmeni\u2019ne yeniden se\u00e7ilmi\u015f olman\u0131n gururunu ya\u015f\u0131yorum. \u00c7evre dostu, do\u011fayla uyumlu kentler i\u00e7in hep birlikte \u00e7al\u0131\u015fmaya devam edece\u011fiz. Didim i\u00e7in, do\u011fa i\u00e7in, gelecek ku\u015faklar i\u00e7in \u00fcretmeye devam.&#8221; dedi<br \/><\/p>\n","protected":false},"excerpt":{"rendered":"<p>\u00c7evreci Belediyeler Birli\u011fi 2025 Y\u0131l\u0131 1. Ola\u011fan Meclis Toplant\u0131 Bal\u0131kesir\u2019in Edremit il\u00e7esinde ger\u00e7ekle\u015ftirildi. Edremit Belediye Ba\u015fkan\u0131 Mehmet Erta\u015f\u2019\u0131n ev sahipli\u011finde, Birlik Ba\u015fkan\u0131 Burhaniye Belediye Ba\u015fkan\u0131 Ali Kemal Deveciler\u2019in ba\u015fkanl\u0131\u011f\u0131nda ger\u00e7ekle\u015ftirilen toplant\u0131da, Didim Belediye Ba\u015fkan\u0131 Hatice Gen\u00e7ay, Dikili Belediye Ba\u015fkan\u0131 Adil K\u0131rg\u00f6z, Milas Belediye Ba\u015fkan\u0131 Fevzi Topuz, \u015eark\u00f6y Belediye Ba\u015fkan\u0131 Alpay Var, Ala\u015fehir Belediye Ba\u015fkan\u0131 Ahmet&#8230;<\/p>\n","protected":false},"author":1,"featured_media":31204,"comment_status":"open","ping_status":"open","sticky":false,"template":"","format":"standard","meta":{"_crdt_document":"","footnotes":""},"categories":[1],"tags":[],"class_list":["post-31203","post","type-post","status-publish","format-standard","has-post-thumbnail","hentry","category-guncel"],"_links":{"self":[{"href":"https:\/\/www.egemtv.com\/index.php?rest_route=\/wp\/v2\/posts\/31203","targetHints":{"allow":["GET"]}}],"collection":[{"href":"https:\/\/www.egemtv.com\/index.php?rest_route=\/wp\/v2\/posts"}],"about":[{"href":"https:\/\/www.egemtv.com\/index.php?rest_route=\/wp\/v2\/types\/post"}],"author":[{"embeddable":true,"href":"https:\/\/www.egemtv.com\/index.php?rest_route=\/wp\/v2\/users\/1"}],"replies":[{"embeddable":true,"href":"https:\/\/www.egemtv.com\/index.php?rest_route=%2Fwp%2Fv2%2Fcomments&post=31203"}],"version-history":[{"count":1,"href":"https:\/\/www.egemtv.com\/index.php?rest_route=\/wp\/v2\/posts\/31203\/revisions"}],"predecessor-version":[{"id":31205,"href":"https:\/\/www.egemtv.com\/index.php?rest_route=\/wp\/v2\/posts\/31203\/revisions\/31205"}],"wp:featuredmedia":[{"embeddable":true,"href":"https:\/\/www.egemtv.com\/index.php?rest_route=\/wp\/v2\/media\/31204"}],"wp:attachment":[{"href":"https:\/\/www.egemtv.com\/index.php?rest_route=%2Fwp%2Fv2%2Fmedia&parent=31203"}],"wp:term":[{"taxonomy":"category","embeddable":true,"href":"https:\/\/www.egemtv.com\/index.php?rest_route=%2Fwp%2Fv2%2Fcategories&post=31203"},{"taxonomy":"post_tag","embeddable":true,"href":"https:\/\/www.egemtv.com\/index.php?rest_route=%2Fwp%2Fv2%2Ftags&post=31203"}],"curies":[{"name":"wp","href":"https:\/\/api.w.org\/{rel}","templated":true}]}}