{"id":31200,"date":"2025-05-25T10:57:47","date_gmt":"2025-05-25T07:57:47","guid":{"rendered":"https:\/\/www.egemtv.com\/?p=31200"},"modified":"2025-05-25T10:57:52","modified_gmt":"2025-05-25T07:57:52","slug":"aydindaki-trafik-uygulamasinda-38-surucuye-islem-yapildi","status":"publish","type":"post","link":"https:\/\/www.egemtv.com\/?p=31200","title":{"rendered":"Ayd\u0131n\u2019daki trafik uygulamas\u0131nda 38 s\u00fcr\u00fcc\u00fcye i\u015flem yap\u0131ld\u0131"},"content":{"rendered":"<p>Ayd\u0131n\u2019\u0131n Bozdo\u011fan, Germencik ve Efeler il\u00e7elerinde yap\u0131lan \u015fok trafik uygulamalar\u0131nda 180 ara\u00e7 kontrol edilirken, 38 s\u00fcr\u00fcc\u00fcye i\u015flem yap\u0131ld\u0131.<br \/>\n<br \/>Ayd\u0131n \u0130l Jandarma Komutanl\u0131\u011f\u0131 Trafik Jandarmas\u0131 taraf\u0131ndan trafik kazalar\u0131ndan kaynaklanan \u00f6l\u00fcm, yaralanmalar\u0131 en aza indirmek ve trafik kurallar\u0131na uyulmas\u0131n\u0131 sa\u011flamak maksad\u0131yla Bozdo\u011fan,  Germencik ve Efeler il\u00e7elerinde \u015eok Trafik Uygulamas\u0131 ger\u00e7ekle\u015ftirildi. Denetim sonu\u00e7lar\u0131nda,<br \/>\n<br \/>180 ara\u00e7 kontrol edilirken, 476 \u015fah\u0131s sorguland\u0131, 1 aranan \u015fah\u0131s yakaland\u0131. Yap\u0131lan \u00e7al\u0131\u015fmada 38 s\u00fcr\u00fcc\u00fcye i\u015flem yap\u0131larak 212 bin lira trafik cezas\u0131 uyguland\u0131.<br \/><\/p>\n","protected":false},"excerpt":{"rendered":"<p>Ayd\u0131n\u2019\u0131n Bozdo\u011fan, Germencik ve Efeler il\u00e7elerinde yap\u0131lan \u015fok trafik uygulamalar\u0131nda 180 ara\u00e7 kontrol edilirken, 38 s\u00fcr\u00fcc\u00fcye i\u015flem yap\u0131ld\u0131. Ayd\u0131n \u0130l Jandarma Komutanl\u0131\u011f\u0131 Trafik Jandarmas\u0131 taraf\u0131ndan trafik kazalar\u0131ndan kaynaklanan \u00f6l\u00fcm, yaralanmalar\u0131 en aza indirmek ve trafik kurallar\u0131na uyulmas\u0131n\u0131 sa\u011flamak maksad\u0131yla Bozdo\u011fan, Germencik ve Efeler il\u00e7elerinde \u015eok Trafik Uygulamas\u0131 ger\u00e7ekle\u015ftirildi. Denetim sonu\u00e7lar\u0131nda, 180 ara\u00e7 kontrol edilirken, 476&#8230;<\/p>\n","protected":false},"author":1,"featured_media":31201,"comment_status":"open","ping_status":"open","sticky":false,"template":"","format":"standard","meta":{"_crdt_document":"","footnotes":""},"categories":[5],"tags":[],"class_list":["post-31200","post","type-post","status-publish","format-standard","has-post-thumbnail","hentry","category-asayis"],"_links":{"self":[{"href":"https:\/\/www.egemtv.com\/index.php?rest_route=\/wp\/v2\/posts\/31200","targetHints":{"allow":["GET"]}}],"collection":[{"href":"https:\/\/www.egemtv.com\/index.php?rest_route=\/wp\/v2\/posts"}],"about":[{"href":"https:\/\/www.egemtv.com\/index.php?rest_route=\/wp\/v2\/types\/post"}],"author":[{"embeddable":true,"href":"https:\/\/www.egemtv.com\/index.php?rest_route=\/wp\/v2\/users\/1"}],"replies":[{"embeddable":true,"href":"https:\/\/www.egemtv.com\/index.php?rest_route=%2Fwp%2Fv2%2Fcomments&post=31200"}],"version-history":[{"count":1,"href":"https:\/\/www.egemtv.com\/index.php?rest_route=\/wp\/v2\/posts\/31200\/revisions"}],"predecessor-version":[{"id":31202,"href":"https:\/\/www.egemtv.com\/index.php?rest_route=\/wp\/v2\/posts\/31200\/revisions\/31202"}],"wp:featuredmedia":[{"embeddable":true,"href":"https:\/\/www.egemtv.com\/index.php?rest_route=\/wp\/v2\/media\/31201"}],"wp:attachment":[{"href":"https:\/\/www.egemtv.com\/index.php?rest_route=%2Fwp%2Fv2%2Fmedia&parent=31200"}],"wp:term":[{"taxonomy":"category","embeddable":true,"href":"https:\/\/www.egemtv.com\/index.php?rest_route=%2Fwp%2Fv2%2Fcategories&post=31200"},{"taxonomy":"post_tag","embeddable":true,"href":"https:\/\/www.egemtv.com\/index.php?rest_route=%2Fwp%2Fv2%2Ftags&post=31200"}],"curies":[{"name":"wp","href":"https:\/\/api.w.org\/{rel}","templated":true}]}}