{"id":31197,"date":"2025-05-25T10:57:43","date_gmt":"2025-05-25T07:57:43","guid":{"rendered":"https:\/\/www.egemtv.com\/?p=31197"},"modified":"2025-05-25T10:57:47","modified_gmt":"2025-05-25T07:57:47","slug":"nazilli-bilsemde-bilim-fuari-coskusu","status":"publish","type":"post","link":"https:\/\/www.egemtv.com\/?p=31197","title":{"rendered":"Nazilli B\u0130LSEM\u2019de Bilim Fuar\u0131 co\u015fkusu"},"content":{"rendered":"<p>Ayd\u0131n\u2019\u0131n Nazilli il\u00e7esinde Nazilli Bilim ve Sanat Merkezi\u2019nin Bilim Fuar\u0131 yo\u011fun kat\u0131l\u0131mla ger\u00e7ekle\u015ftirildi. Fuarda TEKNOFEST 2025 Sosyal \u0130novasyon Yar\u0131\u015fmas\u0131\u2019nda B\u0130LSEM &#8220;Wobbly Table&#8221; adl\u0131 projeleriyle T\u00fcrkiye birincili\u011fine uzanan projede sergilendi.<\/p>\n<p>E\u011fitim ve proje alan\u0131nda \u00e7al\u0131\u015fmalar\u0131 ve may\u0131s ay\u0131 ba\u015f\u0131nda Teknofest T\u00fcrkiye Birincili\u011fi elde ederek Nazilli\u2019ye b\u00fcy\u00fck bir ba\u015far\u0131 hediye eden B\u0130LSEM, birbirinden farkl\u0131 20 proje ile Bilim Fuar\u0131\u2019n\u0131 a\u00e7t\u0131. B\u0130LSEM M\u00fcd\u00fcr\u00fc Ali Bahad\u0131r\u2019\u0131n ev sahipli\u011findeki fuar\u0131n a\u00e7\u0131l\u0131\u015f\u0131na Nazilli \u0130l\u00e7e Milli E\u011fitim \u015eube M\u00fcd\u00fcrleri Y\u0131ld\u0131ray Demir, \u00d6zel B\u00fcro Yetkilileri Ali Karacao\u011flu ve \u0130hsan \u00c7atma, Milli E\u011fitim Bakanl\u0131\u011f\u0131\u2019ndan E\u011fitim Uzman\u0131 Ne\u015fem Ya\u015far, il\u00e7edeki di\u011fer okullar\u0131n m\u00fcd\u00fcrleri, \u00f6\u011frenciler ve \u00f6\u011fretmenler fuar\u0131 gezerek projeleri haz\u0131rlayan \u00f6\u011fretmen ve \u00f6\u011frencilerden bilgi ald\u0131.<\/p>\n<p>Nazilli\u2019de 411 \u00f6\u011frenciye destek e\u011fitimi verilen B\u0130LSEM\u2019de bu y\u0131l ikinci Bilim Fuar\u0131 yap\u0131ld\u0131. Y\u00fcr\u00fct\u00fcc\u00fcl\u00fc\u011f\u00fcn\u00fc Fen Bilimleri \u00f6\u011fretmeni Dilek Acar\u2019\u0131n yapt\u0131\u011f\u0131 fuarda 11\u2019i tasar\u0131m, 7\u2019si ara\u015ft\u0131rma ve 2\u2019si de inceleme projesi olmak \u00fczere toplam 20 proje sergilendi.<\/p>\n<p>Fuar\u0131n a\u00e7\u0131l\u0131\u015f\u0131nda konu\u015fan Nazilli B\u0130LSEM M\u00fcd\u00fcr\u00fc Ali Bahad\u0131r, fuara kat\u0131lanlara yapt\u0131\u011f\u0131 bilgilendirmede: &#8220;Bu y\u0131l ikincisini d\u00fczenledi\u011fimiz Bilim Fuar\u0131m\u0131z\u0131n a\u00e7\u0131l\u0131\u015f\u0131n\u0131 ger\u00e7ekle\u015ftirmenin mutlulu\u011fu i\u00e7indeyiz. Nazilli Bilim ve Sanat Merkezi olarak 411 \u00f6\u011frencimize destek e\u011fitimi vermekteyiz. Amac\u0131m\u0131z, \u00f6\u011frencilerimizi \u00fcst\u00fcn yeteneklerinin fark\u0131na vararak, projeleriyle \u00fcretime katk\u0131 sa\u011flayan, sosyal hayatta ba\u015far\u0131l\u0131 bireyler olarak yeti\u015ftirmektir. Y\u00fcr\u00fct\u00fcc\u00fcl\u00fc\u011f\u00fcn\u00fc Fen Bilimleri \u00d6\u011fretmenimiz Dilek Acar\u2019\u0131n yapt\u0131\u011f\u0131, \u00f6\u011frencilerimizin haz\u0131rlam\u0131\u015f olduklar\u0131 20 projenin 11\u2019i tasar\u0131m, 7\u2019si ara\u015ft\u0131rma ve 2\u2019si de inceleme projesidir. Proje \u00e7al\u0131\u015fmalar\u0131nda eme\u011fi ge\u00e7en basta \u00f6\u011fretmen arkada\u015flar\u0131m ve \u00f6\u011frencilerimiz olmak \u00fczere t\u00fcm kurum \u00e7al\u0131\u015fanlar\u0131m\u0131za te\u015fekk\u00fcrlerimi sunarken, g\u00f6revde oldu\u011fu s\u00fcre boyunca kurumumuza \u00e7ok emek vermi\u015f yak\u0131n zamanda kaybetti\u011fimiz \u00e7ok de\u011ferli Teknoloji ve tasar\u0131m \u00f6\u011fretmenimiz Aylin Tun\u00e7bilek\u2019i bir kez daha \u015f\u00fckranla an\u0131yorum&#8221; dedi.<\/p>\n<p>A\u00e7\u0131l\u0131\u015f\u0131n ard\u0131ndan protokol \u00fcyeleri projeleri tek tek gezerek bilgi ald\u0131. Merak ettikleri sorular\u0131 y\u00f6neltti.<br \/><\/p>\n","protected":false},"excerpt":{"rendered":"<p>Ayd\u0131n\u2019\u0131n Nazilli il\u00e7esinde Nazilli Bilim ve Sanat Merkezi\u2019nin Bilim Fuar\u0131 yo\u011fun kat\u0131l\u0131mla ger\u00e7ekle\u015ftirildi. Fuarda TEKNOFEST 2025 Sosyal \u0130novasyon Yar\u0131\u015fmas\u0131\u2019nda B\u0130LSEM &#8220;Wobbly Table&#8221; adl\u0131 projeleriyle T\u00fcrkiye birincili\u011fine uzanan projede sergilendi. E\u011fitim ve proje alan\u0131nda \u00e7al\u0131\u015fmalar\u0131 ve may\u0131s ay\u0131 ba\u015f\u0131nda Teknofest T\u00fcrkiye Birincili\u011fi elde ederek Nazilli\u2019ye b\u00fcy\u00fck bir ba\u015far\u0131 hediye eden B\u0130LSEM, birbirinden farkl\u0131 20 proje ile&#8230;<\/p>\n","protected":false},"author":1,"featured_media":31198,"comment_status":"open","ping_status":"open","sticky":false,"template":"","format":"standard","meta":{"_crdt_document":"","footnotes":""},"categories":[1],"tags":[],"class_list":["post-31197","post","type-post","status-publish","format-standard","has-post-thumbnail","hentry","category-guncel"],"_links":{"self":[{"href":"https:\/\/www.egemtv.com\/index.php?rest_route=\/wp\/v2\/posts\/31197","targetHints":{"allow":["GET"]}}],"collection":[{"href":"https:\/\/www.egemtv.com\/index.php?rest_route=\/wp\/v2\/posts"}],"about":[{"href":"https:\/\/www.egemtv.com\/index.php?rest_route=\/wp\/v2\/types\/post"}],"author":[{"embeddable":true,"href":"https:\/\/www.egemtv.com\/index.php?rest_route=\/wp\/v2\/users\/1"}],"replies":[{"embeddable":true,"href":"https:\/\/www.egemtv.com\/index.php?rest_route=%2Fwp%2Fv2%2Fcomments&post=31197"}],"version-history":[{"count":1,"href":"https:\/\/www.egemtv.com\/index.php?rest_route=\/wp\/v2\/posts\/31197\/revisions"}],"predecessor-version":[{"id":31199,"href":"https:\/\/www.egemtv.com\/index.php?rest_route=\/wp\/v2\/posts\/31197\/revisions\/31199"}],"wp:featuredmedia":[{"embeddable":true,"href":"https:\/\/www.egemtv.com\/index.php?rest_route=\/wp\/v2\/media\/31198"}],"wp:attachment":[{"href":"https:\/\/www.egemtv.com\/index.php?rest_route=%2Fwp%2Fv2%2Fmedia&parent=31197"}],"wp:term":[{"taxonomy":"category","embeddable":true,"href":"https:\/\/www.egemtv.com\/index.php?rest_route=%2Fwp%2Fv2%2Fcategories&post=31197"},{"taxonomy":"post_tag","embeddable":true,"href":"https:\/\/www.egemtv.com\/index.php?rest_route=%2Fwp%2Fv2%2Ftags&post=31197"}],"curies":[{"name":"wp","href":"https:\/\/api.w.org\/{rel}","templated":true}]}}