{"id":31191,"date":"2025-05-25T10:38:07","date_gmt":"2025-05-25T07:38:07","guid":{"rendered":"https:\/\/www.egemtv.com\/?p=31191"},"modified":"2025-05-25T10:38:12","modified_gmt":"2025-05-25T07:38:12","slug":"baskonsolostan-vize-uyarisi-danismanlik-sirketleri-sureci-yavaslatiyor","status":"publish","type":"post","link":"https:\/\/www.egemtv.com\/?p=31191","title":{"rendered":"Ba\u015fkonsolostan vize uyar\u0131s\u0131: &#8220;Dan\u0131\u015fmanl\u0131k \u015firketleri s\u00fcreci yava\u015flat\u0131yor&#8221;"},"content":{"rendered":"<p>Almanya Federal Cumhuriyeti \u0130zmir Ba\u015fkonsolosu Ralf Schr\u00f6er, Ya\u015far \u00dcniversitesi\u2019nde \u00f6\u011frencilerle bir araya geldi. Sorular\u0131 yan\u0131tlayan Schr\u00f6er, vizeler hakk\u0131nda &#8220;T\u00fcrk h\u00fck\u00fcmeti ile ald\u0131\u011f\u0131m\u0131z karar gere\u011fince vizede \u00f6ncelik i\u015f insanlar\u0131 ve \u00f6\u011frencilere verilmektedir. Ziyaret ve turist kategorisinde ba\u015fvuru yapanlar maalesef bu d\u00f6nemde yo\u011funluk nedeniyle birka\u00e7 ay beklemek durumunda kalabilir. Zorunlu olmad\u0131k\u00e7a vize dan\u0131\u015fmanl\u0131k \u015firketleriyle \u00e7al\u0131\u015fmay\u0131n\u0131z. Ticari vize dan\u0131\u015fmanl\u0131k \u015firketlerinin devreye girmesiyle i\u015flemleriniz ne daha iyi ne de daha h\u0131zl\u0131 ilerler; hatta tam aksine, s\u00fcre\u00e7 yava\u015flayabilir&#8221; dedi.<\/p>\n<p>Almanya Federal Cumhuriyeti \u0130zmir Ba\u015fkonsolosu Ralf Schr\u00f6er, Ya\u015far \u00dcniversitesi Uluslararas\u0131 \u0130li\u015fkiler B\u00f6l\u00fcm\u00fc\u2019n\u00fcn d\u00fczenledi\u011fi &#8220;Germany: New Goverment- Foreign Policy?&#8221; ba\u015fl\u0131kl\u0131 seminere kat\u0131ld\u0131. Akdeniz Uygulama ve Ara\u015ft\u0131rma Merkezi (AAUM) M\u00fcd\u00fcr\u00fc ve b\u00f6l\u00fcm \u00f6\u011fretim \u00fcyesi Prof. Dr. Emre \u0130\u015feri moderat\u00f6rl\u00fc\u011f\u00fcnde ger\u00e7ekle\u015fen seminerde Schr\u00f6er \u00f6\u011frencilere Almanya-T\u00fcrkiye aras\u0131ndaki ili\u015fkileri, Almanya\u2019daki yeni h\u00fck\u00fcmeti ve d\u0131\u015f politikalar\u0131 anlatarak sorular\u0131 yan\u0131tlad\u0131. Ba\u015fkonsolos, T\u00fcrkiye\u2019de y\u0131lda 250 bin ki\u015fiye vize verdiklerini belirterek, \u0130zmir\u2019in vize sa\u011flanan \u015fehirler aras\u0131nda yurt d\u0131\u015f\u0131ndaki Alman d\u0131\u015f temsilciliklerinin s\u0131ralama listesinde 10\u2019uncu s\u0131rada yer ald\u0131\u011f\u0131n\u0131 s\u00f6yledi. \u0130stanbul\u2019un birinci, Ankara\u2019n\u0131n ise be\u015finci s\u0131rada bulundu\u011funu ekledi. Ba\u015fkonsolos, &#8220;D\u00fcnyada T\u00fcrkiye\u2019den daha fazla vize sa\u011flad\u0131\u011f\u0131m\u0131z tek bir \u00fclke var, o da \u00c7in. Bunun nedeni ise 1 milyarl\u0131k n\u00fcfusa sahip olmalar\u0131&#8221; dedi. Vize alma s\u00fcreci hakk\u0131nda konu\u015fan Ba\u015fkonsolos Schr\u00f6er, &#8220;T\u00fcrk h\u00fck\u00fcmeti ile ald\u0131\u011f\u0131m\u0131z karar gere\u011fince vizede \u00f6ncelik i\u015f insanlar\u0131 ve \u00f6\u011frencilere verilmektedir. Ziyaret ve turist kategorisinde ba\u015fvuru yapanlar maalesef bu d\u00f6nemde yo\u011funluk nedeniyle birka\u00e7 ay beklemek durumunda kalabilir&#8221; dedi.<\/p>\n<p>&#8220;Zorunlu kalmad\u0131k\u00e7a ba\u015fvurular\u0131 kendiniz yap\u0131n&#8221;<br \/>\n<br \/>Vize dan\u0131\u015fmanl\u0131k \u015firketlerinin s\u00fcreci yava\u015flatt\u0131\u011f\u0131na dikkat \u00e7eken Ba\u015fkonsolos Schr\u00f6er,&#8221;Zorunlu olmad\u0131k\u00e7a vize dan\u0131\u015fmanl\u0131k \u015firketleriyle \u00e7al\u0131\u015fmay\u0131n\u0131z. Ticari vize dan\u0131\u015fmanl\u0131k \u015firketlerinin devreye girmesiyle i\u015flemleriniz ne daha iyi ne de daha h\u0131zl\u0131 ilerler; hatta tam aksine, s\u00fcre\u00e7 yava\u015flayabilir. Schengen vizesi hakk\u0131nda do\u011fru ve g\u00fcncel bilgiyi edinmeniz gerekir, ba\u015fvurular\u0131n eksiksiz olarak do\u011frudan T\u00fcrkiye\u2019deki ilgili konsolosluklara yap\u0131lmas\u0131 vize alma \u015fans\u0131n\u0131z\u0131 art\u0131racakt\u0131r&#8221; tavsiyelerinde bulundu.<\/p>\n<p>Schengen vizelerinin ge\u00e7erlilik s\u00fcrelerini kademeli olarak uzatan Cascade Kural\u0131\u2019n\u0131 yak\u0131n gelecekte T\u00fcrkiye\u2019de daha etkin bi\u00e7imde uygulayacaklar\u0131n\u0131 ifade eden Schr\u00f6er, &#8220;\u00c7ok giri\u015fli Schengen vizesi, bir yar\u0131y\u0131lda en fazla 90 g\u00fcn kal\u0131\u015f\u0131 kapsar. Vizenin ge\u00e7erlilik s\u00fcresi farkl\u0131l\u0131k g\u00f6sterebilir. Genellikle ilk ba\u015fvuruda, tek giri\u015fli ya da k\u0131sa s\u00fcreli \u00e7ok giri\u015fli vize verilir. Ancak vizeyi do\u011fru \u015fekilde kulland\u0131\u011f\u0131n\u0131z takdirde, bir sonraki ba\u015fvurunuzda daha uzun s\u00fcreli bir vize alman\u0131z m\u00fcmk\u00fcn olur. Bu zincirleme \u015fekilde devam eder; daha sonra bir y\u0131l, iki y\u0131l hatta be\u015f y\u0131l s\u00fcreli vize al\u0131nabilir&#8221; \u015feklinde konu\u015ftu.<br \/><\/p>\n","protected":false},"excerpt":{"rendered":"<p>Almanya Federal Cumhuriyeti \u0130zmir Ba\u015fkonsolosu Ralf Schr\u00f6er, Ya\u015far \u00dcniversitesi\u2019nde \u00f6\u011frencilerle bir araya geldi. Sorular\u0131 yan\u0131tlayan Schr\u00f6er, vizeler hakk\u0131nda &#8220;T\u00fcrk h\u00fck\u00fcmeti ile ald\u0131\u011f\u0131m\u0131z karar gere\u011fince vizede \u00f6ncelik i\u015f insanlar\u0131 ve \u00f6\u011frencilere verilmektedir. Ziyaret ve turist kategorisinde ba\u015fvuru yapanlar maalesef bu d\u00f6nemde yo\u011funluk nedeniyle birka\u00e7 ay beklemek durumunda kalabilir. Zorunlu olmad\u0131k\u00e7a vize dan\u0131\u015fmanl\u0131k \u015firketleriyle \u00e7al\u0131\u015fmay\u0131n\u0131z. Ticari vize&#8230;<\/p>\n","protected":false},"author":1,"featured_media":31192,"comment_status":"open","ping_status":"open","sticky":false,"template":"","format":"standard","meta":{"_crdt_document":"","footnotes":""},"categories":[1],"tags":[],"class_list":["post-31191","post","type-post","status-publish","format-standard","has-post-thumbnail","hentry","category-guncel"],"_links":{"self":[{"href":"https:\/\/www.egemtv.com\/index.php?rest_route=\/wp\/v2\/posts\/31191","targetHints":{"allow":["GET"]}}],"collection":[{"href":"https:\/\/www.egemtv.com\/index.php?rest_route=\/wp\/v2\/posts"}],"about":[{"href":"https:\/\/www.egemtv.com\/index.php?rest_route=\/wp\/v2\/types\/post"}],"author":[{"embeddable":true,"href":"https:\/\/www.egemtv.com\/index.php?rest_route=\/wp\/v2\/users\/1"}],"replies":[{"embeddable":true,"href":"https:\/\/www.egemtv.com\/index.php?rest_route=%2Fwp%2Fv2%2Fcomments&post=31191"}],"version-history":[{"count":1,"href":"https:\/\/www.egemtv.com\/index.php?rest_route=\/wp\/v2\/posts\/31191\/revisions"}],"predecessor-version":[{"id":31193,"href":"https:\/\/www.egemtv.com\/index.php?rest_route=\/wp\/v2\/posts\/31191\/revisions\/31193"}],"wp:featuredmedia":[{"embeddable":true,"href":"https:\/\/www.egemtv.com\/index.php?rest_route=\/wp\/v2\/media\/31192"}],"wp:attachment":[{"href":"https:\/\/www.egemtv.com\/index.php?rest_route=%2Fwp%2Fv2%2Fmedia&parent=31191"}],"wp:term":[{"taxonomy":"category","embeddable":true,"href":"https:\/\/www.egemtv.com\/index.php?rest_route=%2Fwp%2Fv2%2Fcategories&post=31191"},{"taxonomy":"post_tag","embeddable":true,"href":"https:\/\/www.egemtv.com\/index.php?rest_route=%2Fwp%2Fv2%2Ftags&post=31191"}],"curies":[{"name":"wp","href":"https:\/\/api.w.org\/{rel}","templated":true}]}}