{"id":31185,"date":"2025-05-25T10:37:58","date_gmt":"2025-05-25T07:37:58","guid":{"rendered":"https:\/\/www.egemtv.com\/?p=31185"},"modified":"2025-05-25T10:38:03","modified_gmt":"2025-05-25T07:38:03","slug":"nazillide-meslek-liselilerinin-mezuniyet-sevinci","status":"publish","type":"post","link":"https:\/\/www.egemtv.com\/?p=31185","title":{"rendered":"Nazilli\u2019de meslek liselilerinin mezuniyet sevinci"},"content":{"rendered":"<p>Ayd\u0131n\u2019\u0131n Nazilli il\u00e7esinde en k\u00f6kl\u00fc okullar aras\u0131nda yer alan Nazilli Mesleki ve Teknik Anadolu Lisesi, 2024-2025 e\u011fitim-\u00f6\u011fretim y\u0131l\u0131 mezunu 101 \u00f6\u011frencisini t\u00f6renle u\u011furlad\u0131.<\/p>\n<p>Nazilli Mesleki ve Teknik Anadolu Lisesi (NAMTAL) 2024-2025 e\u011fitim-\u00f6\u011fretim y\u0131l\u0131 mezunu 101 \u00f6\u011frencisini muhte\u015fem bir t\u00f6renle u\u011furlad\u0131. Okul M\u00fcd\u00fcr\u00fc Faruk Al \u00f6nc\u00fcl\u00fc\u011f\u00fcnde okul bah\u00e7esinde d\u00fczenlenen t\u00f6rene \u0130l\u00e7e Milli E\u011fitim M\u00fcd\u00fcr Vekili Y\u0131ld\u0131ray Demir ba\u015fta olmak \u00fczere okul Aile Birli\u011fi Ba\u015fkan\u0131 S\u00fcleyman H\u0131\u015f\u0131ro\u011flu, \u00f6\u011fretmenler, \u00f6\u011frenci velileri ve davetliler kat\u0131ld\u0131. 4 y\u0131l s\u00fcren okul hayat\u0131n\u0131n ard\u0131ndan 7 b\u00f6l\u00fcmden mezun olan toplam 101 \u00f6\u011frenci diplomalar\u0131n\u0131 almalar\u0131n\u0131n ard\u0131ndan kep f\u0131rlatarak mezuniyetlerini kutlad\u0131.<\/p>\n<p>&#8220;Siz bu \u00fclkenin kalk\u0131nmas\u0131 i\u00e7in omuz verecek insanlars\u0131n\u0131z&#8221;<br \/>\n<br \/>Sayg\u0131 duru\u015funda bulunulmas\u0131 ve \u0130stiklal Mar\u015f\u0131n\u0131n okunmas\u0131n\u0131n ard\u0131ndan mezun \u00f6\u011frenciler t\u00f6renle yerlerini ald\u0131. T\u00f6rende bir konu\u015fma yapan Nazilli Mesleki ve Teknik Anadolu Lisesi M\u00fcd\u00fcr\u00fc Faruk Al, 1986 y\u0131l\u0131nda bu okuldan mezun oldu\u011funu ancak b\u00f6ylesine bir u\u011furlama ile kar\u015f\u0131la\u015fmad\u0131klar\u0131n\u0131 ifade etti. \u00d6\u011frencilere ve velilere seslenen M\u00fcd\u00fcr Al, &#8220;Mezun oldu\u011fumuzda kimse bize b\u00f6yle g\u00fczel elbiseler, b\u00f6ylesine bir t\u00f6ren yaparak \u2018Mezun oldunuz art\u0131k. Sizi gelece\u011fe haz\u0131rlad\u0131k. Bize verilen imkanlarla onlar\u0131 yeti\u015ftirdik. B\u00fct\u00fcn \u00f6\u011fretmenlerimiz zamanlar\u0131n\u0131 harcay\u0131p onlar\u0131 yeti\u015ftirmek i\u00e7in her t\u00fcrl\u00fc \u00f6nlemi almaya \u00e7al\u0131\u015ft\u0131lar. Art\u0131k i\u015f size d\u00fc\u015f\u00fcyor. Art\u0131k birileri size o yanl\u0131\u015f bu do\u011fru demeyecek. Sen art\u0131k bileceksin, sen art\u0131k gelece\u011fini \u015fekillendireceksin. Unutmay\u0131n asla unutmay\u0131n, siz bu \u00fclkenin temel ta\u015flar\u0131s\u0131n\u0131z. Asla unutmay\u0131n. Siz bu \u00fclkenin kalk\u0131nmas\u0131 i\u00e7in omuz verecek insanlars\u0131n\u0131z&#8221; dedi.<\/p>\n<p>&#8220;Makine M\u00fchendisi olmak istiyorum&#8221;<br \/>\n<br \/>B\u00fcy\u00fck bir co\u015fkuya sahne olan mezuniyet t\u00f6reninde mezun \u00f6\u011frencilerin yan\u0131s\u0131ra 4 y\u0131l birlikte olduklar\u0131 \u00f6\u011fretmenleri duygusal anlar ya\u015fad\u0131. Mesleklerine daha liseden mezun olurken ellerine alan \u00f6\u011frenciler \u00f6\u011fretmenleri ile kucakla\u015farak veda etti. Okul birincili\u011fini elde eden Kuyucakl\u0131 Makine Tasar\u0131m\u0131 ve Teknolojisi B\u00f6l\u00fcm\u00fc \u00f6\u011frencisi Hazar Ba\u011f\u0131rl\u0131 okul birincili\u011fini elde etti. Makine M\u00fchendisli\u011fi okumak istedi\u011fini ifade eden ba\u015far\u0131l\u0131 \u00f6\u011frenci arkada\u015flar\u0131na \u00f6\u011f\u00fct vererek \u00e7ok \u00e7al\u0131\u015fmalar\u0131n\u0131 ve \u00f6\u011fretmelerini iyi dinlemelerini istedi. \u00d6\u011fretmenlerine ve ailesine te\u015fekk\u00fcr eden Hazar Ba\u011f\u0131rl\u0131, ba\u015far\u0131s\u0131n\u0131n s\u0131rr\u0131n\u0131n disiplinli \u00e7al\u0131\u015fmak oldu\u011funu ifade etti.<br \/>\n<br \/>Konu\u015fmalar\u0131n ard\u0131ndan mezuniyet pastas\u0131 kesimi yap\u0131ld\u0131. Son olarak hat\u0131ra foto\u011fraf\u0131 \u00e7ekilmesi ve kep f\u0131rlatma ile mezuniyet kutlamas\u0131 sona erdi.<br \/><\/p>\n","protected":false},"excerpt":{"rendered":"<p>Ayd\u0131n\u2019\u0131n Nazilli il\u00e7esinde en k\u00f6kl\u00fc okullar aras\u0131nda yer alan Nazilli Mesleki ve Teknik Anadolu Lisesi, 2024-2025 e\u011fitim-\u00f6\u011fretim y\u0131l\u0131 mezunu 101 \u00f6\u011frencisini t\u00f6renle u\u011furlad\u0131. Nazilli Mesleki ve Teknik Anadolu Lisesi (NAMTAL) 2024-2025 e\u011fitim-\u00f6\u011fretim y\u0131l\u0131 mezunu 101 \u00f6\u011frencisini muhte\u015fem bir t\u00f6renle u\u011furlad\u0131. Okul M\u00fcd\u00fcr\u00fc Faruk Al \u00f6nc\u00fcl\u00fc\u011f\u00fcnde okul bah\u00e7esinde d\u00fczenlenen t\u00f6rene \u0130l\u00e7e Milli E\u011fitim M\u00fcd\u00fcr Vekili Y\u0131ld\u0131ray&#8230;<\/p>\n","protected":false},"author":1,"featured_media":31186,"comment_status":"open","ping_status":"open","sticky":false,"template":"","format":"standard","meta":{"_crdt_document":"","footnotes":""},"categories":[1],"tags":[],"class_list":["post-31185","post","type-post","status-publish","format-standard","has-post-thumbnail","hentry","category-guncel"],"_links":{"self":[{"href":"https:\/\/www.egemtv.com\/index.php?rest_route=\/wp\/v2\/posts\/31185","targetHints":{"allow":["GET"]}}],"collection":[{"href":"https:\/\/www.egemtv.com\/index.php?rest_route=\/wp\/v2\/posts"}],"about":[{"href":"https:\/\/www.egemtv.com\/index.php?rest_route=\/wp\/v2\/types\/post"}],"author":[{"embeddable":true,"href":"https:\/\/www.egemtv.com\/index.php?rest_route=\/wp\/v2\/users\/1"}],"replies":[{"embeddable":true,"href":"https:\/\/www.egemtv.com\/index.php?rest_route=%2Fwp%2Fv2%2Fcomments&post=31185"}],"version-history":[{"count":1,"href":"https:\/\/www.egemtv.com\/index.php?rest_route=\/wp\/v2\/posts\/31185\/revisions"}],"predecessor-version":[{"id":31187,"href":"https:\/\/www.egemtv.com\/index.php?rest_route=\/wp\/v2\/posts\/31185\/revisions\/31187"}],"wp:featuredmedia":[{"embeddable":true,"href":"https:\/\/www.egemtv.com\/index.php?rest_route=\/wp\/v2\/media\/31186"}],"wp:attachment":[{"href":"https:\/\/www.egemtv.com\/index.php?rest_route=%2Fwp%2Fv2%2Fmedia&parent=31185"}],"wp:term":[{"taxonomy":"category","embeddable":true,"href":"https:\/\/www.egemtv.com\/index.php?rest_route=%2Fwp%2Fv2%2Fcategories&post=31185"},{"taxonomy":"post_tag","embeddable":true,"href":"https:\/\/www.egemtv.com\/index.php?rest_route=%2Fwp%2Fv2%2Ftags&post=31185"}],"curies":[{"name":"wp","href":"https:\/\/api.w.org\/{rel}","templated":true}]}}