{"id":31182,"date":"2025-05-25T09:15:18","date_gmt":"2025-05-25T06:15:18","guid":{"rendered":"https:\/\/www.egemtv.com\/?p=31182"},"modified":"2025-05-25T09:15:22","modified_gmt":"2025-05-25T06:15:22","slug":"ihlas-vakfi-kutahya-huzur-erkek-ogrenci-yurdunda-mezuniyet-sevinci","status":"publish","type":"post","link":"https:\/\/www.egemtv.com\/?p=31182","title":{"rendered":"\u0130hlas Vakf\u0131 K\u00fctahya Huzur Erkek \u00d6\u011frenci Yurdunda mezuniyet sevinci"},"content":{"rendered":"<p>K\u00fctahya Dumlup\u0131nar \u00dcniversitesi\u2019ne (DP\u00dc) ba\u011fl\u0131 \u00e7e\u015fitli fak\u00fclte ve meslek y\u00fcksekokullar\u0131nda \u00f6\u011frenimlerini bu y\u0131l tamamlayacak olan 13 \u00f6\u011frenci i\u00e7in, kald\u0131klar\u0131 \u0130hlas Vakf\u0131 K\u00fctahya Huzur Erkek \u00d6\u011frenci Yurdunda veda gecesi d\u00fczenlendi.<br \/>\n<br \/>Yurdun toplant\u0131 salonunda d\u00fczenlenen veda gecesinde duygulu anlar ya\u015fand\u0131. Mezun olan \u00f6\u011frenciler tek tek k\u00fcrs\u00fcye gelerek, \u00f6\u011frencilik hayatlar\u0131 boyunca ya\u015fad\u0131klar\u0131 ac\u0131 tatl\u0131 olaylar\u0131 anlatt\u0131. Veda gecesinde bir konu\u015fma yapan \u0130hlas Vakf\u0131 K\u00fctahya Huzur Erkek \u00d6\u011frenci Yurdu M\u00fcd\u00fcr\u00fc Necmettin Canbek, &#8220;Bizler, \u2019\u0130nsanlar\u0131n hay\u0131rl\u0131s\u0131, insanlara faydal\u0131 oland\u0131r\u2019 Hadis-i \u015eerifi\u2019ni kendimize \u015fiar edindik. Y\u0131llarca yurdumuzda kalan p\u0131r\u0131l p\u0131r\u0131l 13 gencimiz, \u00f6n\u00fcm\u00fczdeki g\u00fcnlerde yepyeni bir hayata \u2019merhaba\u2019 diyecek. Mezun olan t\u00fcm \u00f6\u011frencilerimizi tebrik ediyor ve bundan sonraki hayatlar\u0131nda ba\u015far\u0131lar diliyorum&#8221; \u015feklinde konu\u015ftu.<br \/>\n<br \/>Konu\u015fmalar\u0131n ard\u0131ndan 5 katl\u0131 mezuniyet pastas\u0131, \u0130hlas Vakf\u0131 K\u00fctahya Huzur Erkek \u00d6\u011frenci Yurdu M\u00fcd\u00fcr\u00fc Necmettin Canbek ve mezun olan \u00f6\u011frenciler taraf\u0131ndan birlikte kesildi.<br \/>\n<br \/>Gecede, mezun olan \u00f6\u011frencilere \u00e7e\u015fitli hediyeler verildi.<br \/><\/p>\n","protected":false},"excerpt":{"rendered":"<p>K\u00fctahya Dumlup\u0131nar \u00dcniversitesi\u2019ne (DP\u00dc) ba\u011fl\u0131 \u00e7e\u015fitli fak\u00fclte ve meslek y\u00fcksekokullar\u0131nda \u00f6\u011frenimlerini bu y\u0131l tamamlayacak olan 13 \u00f6\u011frenci i\u00e7in, kald\u0131klar\u0131 \u0130hlas Vakf\u0131 K\u00fctahya Huzur Erkek \u00d6\u011frenci Yurdunda veda gecesi d\u00fczenlendi. Yurdun toplant\u0131 salonunda d\u00fczenlenen veda gecesinde duygulu anlar ya\u015fand\u0131. Mezun olan \u00f6\u011frenciler tek tek k\u00fcrs\u00fcye gelerek, \u00f6\u011frencilik hayatlar\u0131 boyunca ya\u015fad\u0131klar\u0131 ac\u0131 tatl\u0131 olaylar\u0131 anlatt\u0131. Veda gecesinde&#8230;<\/p>\n","protected":false},"author":1,"featured_media":31183,"comment_status":"open","ping_status":"open","sticky":false,"template":"","format":"standard","meta":{"_crdt_document":"","footnotes":""},"categories":[1],"tags":[],"class_list":["post-31182","post","type-post","status-publish","format-standard","has-post-thumbnail","hentry","category-guncel"],"_links":{"self":[{"href":"https:\/\/www.egemtv.com\/index.php?rest_route=\/wp\/v2\/posts\/31182","targetHints":{"allow":["GET"]}}],"collection":[{"href":"https:\/\/www.egemtv.com\/index.php?rest_route=\/wp\/v2\/posts"}],"about":[{"href":"https:\/\/www.egemtv.com\/index.php?rest_route=\/wp\/v2\/types\/post"}],"author":[{"embeddable":true,"href":"https:\/\/www.egemtv.com\/index.php?rest_route=\/wp\/v2\/users\/1"}],"replies":[{"embeddable":true,"href":"https:\/\/www.egemtv.com\/index.php?rest_route=%2Fwp%2Fv2%2Fcomments&post=31182"}],"version-history":[{"count":1,"href":"https:\/\/www.egemtv.com\/index.php?rest_route=\/wp\/v2\/posts\/31182\/revisions"}],"predecessor-version":[{"id":31184,"href":"https:\/\/www.egemtv.com\/index.php?rest_route=\/wp\/v2\/posts\/31182\/revisions\/31184"}],"wp:featuredmedia":[{"embeddable":true,"href":"https:\/\/www.egemtv.com\/index.php?rest_route=\/wp\/v2\/media\/31183"}],"wp:attachment":[{"href":"https:\/\/www.egemtv.com\/index.php?rest_route=%2Fwp%2Fv2%2Fmedia&parent=31182"}],"wp:term":[{"taxonomy":"category","embeddable":true,"href":"https:\/\/www.egemtv.com\/index.php?rest_route=%2Fwp%2Fv2%2Fcategories&post=31182"},{"taxonomy":"post_tag","embeddable":true,"href":"https:\/\/www.egemtv.com\/index.php?rest_route=%2Fwp%2Fv2%2Ftags&post=31182"}],"curies":[{"name":"wp","href":"https:\/\/api.w.org\/{rel}","templated":true}]}}