{"id":31176,"date":"2025-05-25T08:35:43","date_gmt":"2025-05-25T05:35:43","guid":{"rendered":"https:\/\/www.egemtv.com\/?p=31176"},"modified":"2025-05-25T08:35:47","modified_gmt":"2025-05-25T05:35:47","slug":"simavda-geleneksel-buyuk-hayir-ve-toplu-sunnet-soleni","status":"publish","type":"post","link":"https:\/\/www.egemtv.com\/?p=31176","title":{"rendered":"Simav\u2019da geleneksel &#8220;B\u00fcy\u00fck Hay\u0131r ve Toplu S\u00fcnnet \u015e\u00f6leni&#8221;"},"content":{"rendered":"<p>K\u00fctahya\u2019n\u0131n Simav il\u00e7esinde geleneksel hale gelen &#8220;B\u00fcy\u00fck Hay\u0131r ve Toplu S\u00fcnnet \u015e\u00f6leni&#8221; bu y\u0131l da co\u015fkulu ve yo\u011fun kat\u0131l\u0131mla ger\u00e7ekle\u015ftirildi.<br \/>\n<br \/>Fuar Alan\u0131\u2019ndaki etkinli\u011fe kat\u0131lan K\u00fctahya Valisi Musa I\u015f\u0131n, s\u00fcnnet olan \u00e7ocuklarla yak\u0131ndan ilgilendi, ailelerini tebrik etti ve hediyelerini takdim etti. Etkinlik, sayg\u0131 duru\u015fu ve \u0130stiklal Mar\u015f\u0131\u2019n\u0131n okunmas\u0131yla ba\u015flad\u0131. Programda konu\u015fan Vali Musa I\u015f\u0131n, bu t\u00fcr organizasyonlar\u0131n T\u00fcrkiye\u2019de nadiren g\u00f6r\u00fcld\u00fc\u011f\u00fcn\u00fc belirterek, &#8220;B\u00f6ylesine anlaml\u0131 bir gelenek, hem inanc\u0131m\u0131zla hem k\u00fclt\u00fcr\u00fcm\u00fczle yo\u011frulmu\u015f bir g\u00fczelliktir&#8221; dedi.<br \/>\n<br \/>T\u00fcrk milletinin payla\u015fma ve yard\u0131mla\u015fma k\u00fclt\u00fcr\u00fcne vurgu yapan Vali I\u015f\u0131n, &#8220;Biz, lokmam\u0131z\u0131 payla\u015ft\u0131k\u00e7a bereketi artan bir inan\u00e7tan geliyoruz. Kom\u015fusu a\u00e7ken tok yatan bizden de\u011fildir&#8221; \u015feklinde konu\u015ftu.<\/p>\n<p>&#8220;Sosyal devlet anlay\u0131\u015f\u0131 g\u00fc\u00e7l\u00fc \u015fekilde s\u00fcrd\u00fcr\u00fcl\u00fcyor&#8221;<br \/>\n<br \/>Devletin hi\u00e7bir vatanda\u015f\u0131 yaln\u0131z b\u0131rakmad\u0131\u011f\u0131n\u0131 belirten I\u015f\u0131n, kad\u0131n, \u00e7ocuk ve ya\u015fl\u0131lara y\u00f6nelik sosyal desteklerin kararl\u0131l\u0131kla s\u00fcrd\u00fcr\u00fcld\u00fc\u011f\u00fcn\u00fc ifade etti. Hay\u0131r faaliyetlerine destek sunan i\u015f insanlar\u0131na da te\u015fekk\u00fcr eden Vali Musa I\u015f\u0131n, &#8220;Yap\u0131lan her iyilik Allah\u2019a verilmi\u015f bir bor\u00e7 gibidir. Ne b\u00fcy\u00fck bir onurdur bu&#8221; dedi. Konu\u015fmas\u0131n\u0131, &#8220;Devletin varl\u0131k sebebi vatanda\u015f\u0131na sahip \u00e7\u0131kmakt\u0131r&#8221; s\u00f6zleriyle tamamlayan Vali I\u015f\u0131n, organizasyonda eme\u011fi ge\u00e7en herkese te\u015fekk\u00fcr etti.<br \/>\n<br \/>Etkinlik \u00e7er\u00e7evesinde \u00d6zel \u015eeref Koleji ve Simav \u00d6zel E\u011fitim Meslek Okulu\u2019nun bando g\u00f6sterisi, Beyce halk oyunlar\u0131 ekibi, Eynal Kapl\u0131calar\u0131 mehteran tak\u0131m\u0131 ve \u00e7e\u015fitli sanat-animasyon g\u00f6sterileri b\u00fcy\u00fck be\u011feni toplad\u0131. Helva karma \u015fenli\u011fi ve konvoy etkinlikleri de programa ayr\u0131 bir renk katt\u0131.<br \/>\n<br \/>Etkinli\u011fe, AK Parti K\u00fctahya milletvekilleri Adil Bi\u00e7er, \u0130smail \u00c7a\u011flar Bay\u0131rc\u0131, Mehmet Demir ile MHP K\u00fctahya Milletvekili Ahmet Erba\u015f, Simav Kaymakam Vekili Pazarlar Kaymakam\u0131 Alper A\u00e7\u0131kg\u00f6z, Simav Belediye Ba\u015fkan\u0131 K\u00fcbra Tekel Aktulun, il protokol\u00fc ve \u00e7ok say\u0131da vatanda\u015f kat\u0131ld\u0131.<br \/><\/p>\n","protected":false},"excerpt":{"rendered":"<p>K\u00fctahya\u2019n\u0131n Simav il\u00e7esinde geleneksel hale gelen &#8220;B\u00fcy\u00fck Hay\u0131r ve Toplu S\u00fcnnet \u015e\u00f6leni&#8221; bu y\u0131l da co\u015fkulu ve yo\u011fun kat\u0131l\u0131mla ger\u00e7ekle\u015ftirildi. Fuar Alan\u0131\u2019ndaki etkinli\u011fe kat\u0131lan K\u00fctahya Valisi Musa I\u015f\u0131n, s\u00fcnnet olan \u00e7ocuklarla yak\u0131ndan ilgilendi, ailelerini tebrik etti ve hediyelerini takdim etti. Etkinlik, sayg\u0131 duru\u015fu ve \u0130stiklal Mar\u015f\u0131\u2019n\u0131n okunmas\u0131yla ba\u015flad\u0131. Programda konu\u015fan Vali Musa I\u015f\u0131n, bu t\u00fcr&#8230;<\/p>\n","protected":false},"author":1,"featured_media":31177,"comment_status":"open","ping_status":"open","sticky":false,"template":"","format":"standard","meta":{"_crdt_document":"","footnotes":""},"categories":[1],"tags":[],"class_list":["post-31176","post","type-post","status-publish","format-standard","has-post-thumbnail","hentry","category-guncel"],"_links":{"self":[{"href":"https:\/\/www.egemtv.com\/index.php?rest_route=\/wp\/v2\/posts\/31176","targetHints":{"allow":["GET"]}}],"collection":[{"href":"https:\/\/www.egemtv.com\/index.php?rest_route=\/wp\/v2\/posts"}],"about":[{"href":"https:\/\/www.egemtv.com\/index.php?rest_route=\/wp\/v2\/types\/post"}],"author":[{"embeddable":true,"href":"https:\/\/www.egemtv.com\/index.php?rest_route=\/wp\/v2\/users\/1"}],"replies":[{"embeddable":true,"href":"https:\/\/www.egemtv.com\/index.php?rest_route=%2Fwp%2Fv2%2Fcomments&post=31176"}],"version-history":[{"count":1,"href":"https:\/\/www.egemtv.com\/index.php?rest_route=\/wp\/v2\/posts\/31176\/revisions"}],"predecessor-version":[{"id":31178,"href":"https:\/\/www.egemtv.com\/index.php?rest_route=\/wp\/v2\/posts\/31176\/revisions\/31178"}],"wp:featuredmedia":[{"embeddable":true,"href":"https:\/\/www.egemtv.com\/index.php?rest_route=\/wp\/v2\/media\/31177"}],"wp:attachment":[{"href":"https:\/\/www.egemtv.com\/index.php?rest_route=%2Fwp%2Fv2%2Fmedia&parent=31176"}],"wp:term":[{"taxonomy":"category","embeddable":true,"href":"https:\/\/www.egemtv.com\/index.php?rest_route=%2Fwp%2Fv2%2Fcategories&post=31176"},{"taxonomy":"post_tag","embeddable":true,"href":"https:\/\/www.egemtv.com\/index.php?rest_route=%2Fwp%2Fv2%2Ftags&post=31176"}],"curies":[{"name":"wp","href":"https:\/\/api.w.org\/{rel}","templated":true}]}}