{"id":31173,"date":"2025-05-25T02:54:37","date_gmt":"2025-05-24T23:54:37","guid":{"rendered":"https:\/\/www.egemtv.com\/?p=31173"},"modified":"2025-05-25T02:54:42","modified_gmt":"2025-05-24T23:54:42","slug":"burdurda-hizar-atolyesinde-cikan-yangin-kisa-surede-sonduruldu","status":"publish","type":"post","link":"https:\/\/www.egemtv.com\/?p=31173","title":{"rendered":"Burdur\u2019da hizar at\u00f6lyesinde \u00e7\u0131kan yang\u0131n k\u0131sa s\u00fcrede s\u00f6nd\u00fcr\u00fcld\u00fc"},"content":{"rendered":"<p>Burdur Merkez\u2019de Mahrukat\u00e7\u0131lar Sitesi\u2019nde gece saatlerinde bir hizar at\u00f6lyesinde \u00e7\u0131kan yang\u0131n, itfaiye ekiplerinin h\u0131zl\u0131 m\u00fcdahalesiyle b\u00fcy\u00fcmeden s\u00f6nd\u00fcr\u00fcld\u00fc.<br \/>\n<br \/>Olay, saat 01.30 s\u0131ralar\u0131nda Mahrukat\u00e7\u0131lar Sitesi\u2019nde meydana geldi. Mehmet T.\u2019ye ait olan ve Mehmet P. taraf\u0131ndan i\u015fletilen hizar at\u00f6lyesinde hen\u00fcz belirlenemeyen bir nedenle yang\u0131n \u00e7\u0131kt\u0131. Yang\u0131n\u0131 fark eden \u00e7evredekilerin 112 Acil \u00c7a\u011fr\u0131 Merkezi\u2019ne ihbar\u0131 \u00fczerine olay yerine itfaiye ve polis ekipleri sevk edildi.<br \/>\n<br \/>B\u00f6lgeye gelen 4 itfaiye arac\u0131 ve 11 personelin m\u00fcdahale etti\u011fi yang\u0131n, k\u0131sa s\u00fcrede kontrol alt\u0131na al\u0131narak s\u00f6nd\u00fcr\u00fcld\u00fc. Olayda can kayb\u0131 ya\u015fanmazken, maddi hasar\u0131n d\u00fc\u015f\u00fck seviyede oldu\u011fu \u00f6\u011frenildi.<br \/>\n<br \/>Yang\u0131n\u0131n \u00e7\u0131k\u0131\u015f nedeni ile ilgili inceleme ba\u015flat\u0131ld\u0131.<br \/><\/p>\n","protected":false},"excerpt":{"rendered":"<p>Burdur Merkez\u2019de Mahrukat\u00e7\u0131lar Sitesi\u2019nde gece saatlerinde bir hizar at\u00f6lyesinde \u00e7\u0131kan yang\u0131n, itfaiye ekiplerinin h\u0131zl\u0131 m\u00fcdahalesiyle b\u00fcy\u00fcmeden s\u00f6nd\u00fcr\u00fcld\u00fc. Olay, saat 01.30 s\u0131ralar\u0131nda Mahrukat\u00e7\u0131lar Sitesi\u2019nde meydana geldi. Mehmet T.\u2019ye ait olan ve Mehmet P. taraf\u0131ndan i\u015fletilen hizar at\u00f6lyesinde hen\u00fcz belirlenemeyen bir nedenle yang\u0131n \u00e7\u0131kt\u0131. Yang\u0131n\u0131 fark eden \u00e7evredekilerin 112 Acil \u00c7a\u011fr\u0131 Merkezi\u2019ne ihbar\u0131 \u00fczerine olay yerine itfaiye&#8230;<\/p>\n","protected":false},"author":1,"featured_media":31174,"comment_status":"open","ping_status":"open","sticky":false,"template":"","format":"standard","meta":{"_crdt_document":"","footnotes":""},"categories":[5],"tags":[],"class_list":["post-31173","post","type-post","status-publish","format-standard","has-post-thumbnail","hentry","category-asayis"],"_links":{"self":[{"href":"https:\/\/www.egemtv.com\/index.php?rest_route=\/wp\/v2\/posts\/31173","targetHints":{"allow":["GET"]}}],"collection":[{"href":"https:\/\/www.egemtv.com\/index.php?rest_route=\/wp\/v2\/posts"}],"about":[{"href":"https:\/\/www.egemtv.com\/index.php?rest_route=\/wp\/v2\/types\/post"}],"author":[{"embeddable":true,"href":"https:\/\/www.egemtv.com\/index.php?rest_route=\/wp\/v2\/users\/1"}],"replies":[{"embeddable":true,"href":"https:\/\/www.egemtv.com\/index.php?rest_route=%2Fwp%2Fv2%2Fcomments&post=31173"}],"version-history":[{"count":1,"href":"https:\/\/www.egemtv.com\/index.php?rest_route=\/wp\/v2\/posts\/31173\/revisions"}],"predecessor-version":[{"id":31175,"href":"https:\/\/www.egemtv.com\/index.php?rest_route=\/wp\/v2\/posts\/31173\/revisions\/31175"}],"wp:featuredmedia":[{"embeddable":true,"href":"https:\/\/www.egemtv.com\/index.php?rest_route=\/wp\/v2\/media\/31174"}],"wp:attachment":[{"href":"https:\/\/www.egemtv.com\/index.php?rest_route=%2Fwp%2Fv2%2Fmedia&parent=31173"}],"wp:term":[{"taxonomy":"category","embeddable":true,"href":"https:\/\/www.egemtv.com\/index.php?rest_route=%2Fwp%2Fv2%2Fcategories&post=31173"},{"taxonomy":"post_tag","embeddable":true,"href":"https:\/\/www.egemtv.com\/index.php?rest_route=%2Fwp%2Fv2%2Ftags&post=31173"}],"curies":[{"name":"wp","href":"https:\/\/api.w.org\/{rel}","templated":true}]}}