{"id":31170,"date":"2025-05-25T00:56:14","date_gmt":"2025-05-24T21:56:14","guid":{"rendered":"https:\/\/www.egemtv.com\/?p=31170"},"modified":"2025-05-25T00:56:19","modified_gmt":"2025-05-24T21:56:19","slug":"durdurulan-aractaki-sahislar-polise-saldirdi-2-yarali-3-gozalti","status":"publish","type":"post","link":"https:\/\/www.egemtv.com\/?p=31170","title":{"rendered":"Durdurulan ara\u00e7taki \u015fah\u0131slar polise sald\u0131rd\u0131: 2 yaral\u0131, 3 g\u00f6zalt\u0131"},"content":{"rendered":"<p>Mu\u011fla\u2019n\u0131n Bodrum il\u00e7esinde trafikte makas atarak ilerleyen alkoll\u00fc s\u00fcr\u00fcc\u00fc, polis ekipleri taraf\u0131ndan durdurulunca ortal\u0131k kar\u0131\u015ft\u0131. 135 promil alkoll\u00fc \u00e7\u0131kan s\u00fcr\u00fcc\u00fc ve yan\u0131ndaki iki ki\u015fi, kendilerine i\u015flem yapmak isteyen polislere sald\u0131rd\u0131. Ya\u015fanan arbede s\u0131ras\u0131nda 2 polis memuru hafif \u015fekilde yaralan\u0131rken, 3 sald\u0131rgan g\u00f6zalt\u0131na al\u0131nd\u0131.<br \/>\n<br \/>Olay, ak\u015fam saatlerinde Konac\u0131k Kav\u015fa\u011f\u0131\u2019nda meydana geldi. Devriye g\u00f6revi yapan trafik ekipleri, 34 CYA 639 plakal\u0131 otomobilin tehlikeli hareketler yapt\u0131\u011f\u0131n\u0131 fark etti. Durdurulan ara\u00e7taki s\u00fcr\u00fcc\u00fc A.\u00c7.\u2019nin yap\u0131lan alkol testinde 135 promil alkoll\u00fc oldu\u011fu belirlendi. Ceza i\u015flemi uygulanmak istendi\u011fi s\u0131rada A.\u00c7., g\u00f6revli bir polise tekmeyle sald\u0131rd\u0131. Ara\u00e7ta bulunan E.Y. ve M.\u00c7. de di\u011fer polis memurlar\u0131na fiziki m\u00fcdahalede bulundu. Takviye ekiplerin h\u0131zla olay yerine ula\u015fmas\u0131yla 3 sald\u0131rgan g\u00f6zalt\u0131na al\u0131nd\u0131. K\u0131sa s\u00fcreli arbedede 2 polis memuru hafif yaralan\u0131rken, ara\u00e7taki di\u011fer ki\u015filerin de alkoll\u00fc oldu\u011fu tespit edildi. G\u00f6zalt\u0131na al\u0131nan \u015f\u00fcphelilerin emniyetteki i\u015flemleri s\u00fcrerken, olayla ilgili soru\u015fturma ba\u015flat\u0131ld\u0131.<br \/><\/p>\n","protected":false},"excerpt":{"rendered":"<p>Mu\u011fla\u2019n\u0131n Bodrum il\u00e7esinde trafikte makas atarak ilerleyen alkoll\u00fc s\u00fcr\u00fcc\u00fc, polis ekipleri taraf\u0131ndan durdurulunca ortal\u0131k kar\u0131\u015ft\u0131. 135 promil alkoll\u00fc \u00e7\u0131kan s\u00fcr\u00fcc\u00fc ve yan\u0131ndaki iki ki\u015fi, kendilerine i\u015flem yapmak isteyen polislere sald\u0131rd\u0131. Ya\u015fanan arbede s\u0131ras\u0131nda 2 polis memuru hafif \u015fekilde yaralan\u0131rken, 3 sald\u0131rgan g\u00f6zalt\u0131na al\u0131nd\u0131. Olay, ak\u015fam saatlerinde Konac\u0131k Kav\u015fa\u011f\u0131\u2019nda meydana geldi. Devriye g\u00f6revi yapan trafik ekipleri,&#8230;<\/p>\n","protected":false},"author":1,"featured_media":31171,"comment_status":"open","ping_status":"open","sticky":false,"template":"","format":"standard","meta":{"_crdt_document":"","footnotes":""},"categories":[5],"tags":[],"class_list":["post-31170","post","type-post","status-publish","format-standard","has-post-thumbnail","hentry","category-asayis"],"_links":{"self":[{"href":"https:\/\/www.egemtv.com\/index.php?rest_route=\/wp\/v2\/posts\/31170","targetHints":{"allow":["GET"]}}],"collection":[{"href":"https:\/\/www.egemtv.com\/index.php?rest_route=\/wp\/v2\/posts"}],"about":[{"href":"https:\/\/www.egemtv.com\/index.php?rest_route=\/wp\/v2\/types\/post"}],"author":[{"embeddable":true,"href":"https:\/\/www.egemtv.com\/index.php?rest_route=\/wp\/v2\/users\/1"}],"replies":[{"embeddable":true,"href":"https:\/\/www.egemtv.com\/index.php?rest_route=%2Fwp%2Fv2%2Fcomments&post=31170"}],"version-history":[{"count":1,"href":"https:\/\/www.egemtv.com\/index.php?rest_route=\/wp\/v2\/posts\/31170\/revisions"}],"predecessor-version":[{"id":31172,"href":"https:\/\/www.egemtv.com\/index.php?rest_route=\/wp\/v2\/posts\/31170\/revisions\/31172"}],"wp:featuredmedia":[{"embeddable":true,"href":"https:\/\/www.egemtv.com\/index.php?rest_route=\/wp\/v2\/media\/31171"}],"wp:attachment":[{"href":"https:\/\/www.egemtv.com\/index.php?rest_route=%2Fwp%2Fv2%2Fmedia&parent=31170"}],"wp:term":[{"taxonomy":"category","embeddable":true,"href":"https:\/\/www.egemtv.com\/index.php?rest_route=%2Fwp%2Fv2%2Fcategories&post=31170"},{"taxonomy":"post_tag","embeddable":true,"href":"https:\/\/www.egemtv.com\/index.php?rest_route=%2Fwp%2Fv2%2Ftags&post=31170"}],"curies":[{"name":"wp","href":"https:\/\/api.w.org\/{rel}","templated":true}]}}