{"id":31167,"date":"2025-05-24T23:35:40","date_gmt":"2025-05-24T20:35:40","guid":{"rendered":"https:\/\/www.egemtv.com\/?p=31167"},"modified":"2025-05-24T23:35:49","modified_gmt":"2025-05-24T20:35:49","slug":"galatasaray-otobusune-tasli-saldiri","status":"publish","type":"post","link":"https:\/\/www.egemtv.com\/?p=31167","title":{"rendered":"Galatasaray otob\u00fcs\u00fcne ta\u015fl\u0131 sald\u0131r\u0131"},"content":{"rendered":"<p>Trendyol S\u00fcper Lig\u2019in 37. haftas\u0131nda G\u00f6ztepe ile kar\u015f\u0131lan Galatasaray\u2019\u0131n tak\u0131m otob\u00fcs\u00fc ma\u00e7 \u00f6ncesi ta\u015fl\u0131 sald\u0131r\u0131ya u\u011frad\u0131.<br \/>\n<br \/>Trendyol S\u00fcper Lig \u015fampiyonu Galatasaray\u2019\u0131n, G\u00f6ztepe ile oynayaca\u011f\u0131 ma\u00e7 \u00f6ncesinde tak\u0131m otob\u00fcs\u00fc ta\u015fl\u0131 sald\u0131r\u0131ya u\u011frad\u0131. G\u00fcrsel Aksel Stad\u0131 \u00e7evresinde ger\u00e7ekle\u015fen olayda, sar\u0131-k\u0131rm\u0131z\u0131l\u0131 kafileyi ta\u015f\u0131yan otob\u00fcse stat d\u0131\u015f\u0131nda bekleyen bir grup taraf\u0131ndan ta\u015f at\u0131ld\u0131. Sald\u0131r\u0131 sonucunda, otob\u00fcs\u00fcn \u00fczerinde yer alan ve kul\u00fcb\u00fcn 1972 y\u0131l\u0131nda kazand\u0131\u011f\u0131 ilk y\u0131ld\u0131z\u0131 simgeleyen b\u00f6l\u00fcme isabet eden ta\u015f, cam\u0131 k\u0131rd\u0131.<br \/><\/p>\n","protected":false},"excerpt":{"rendered":"<p>Trendyol S\u00fcper Lig\u2019in 37. haftas\u0131nda G\u00f6ztepe ile kar\u015f\u0131lan Galatasaray\u2019\u0131n tak\u0131m otob\u00fcs\u00fc ma\u00e7 \u00f6ncesi ta\u015fl\u0131 sald\u0131r\u0131ya u\u011frad\u0131. Trendyol S\u00fcper Lig \u015fampiyonu Galatasaray\u2019\u0131n, G\u00f6ztepe ile oynayaca\u011f\u0131 ma\u00e7 \u00f6ncesinde tak\u0131m otob\u00fcs\u00fc ta\u015fl\u0131 sald\u0131r\u0131ya u\u011frad\u0131. G\u00fcrsel Aksel Stad\u0131 \u00e7evresinde ger\u00e7ekle\u015fen olayda, sar\u0131-k\u0131rm\u0131z\u0131l\u0131 kafileyi ta\u015f\u0131yan otob\u00fcse stat d\u0131\u015f\u0131nda bekleyen bir grup taraf\u0131ndan ta\u015f at\u0131ld\u0131. Sald\u0131r\u0131 sonucunda, otob\u00fcs\u00fcn \u00fczerinde yer alan&#8230;<\/p>\n","protected":false},"author":1,"featured_media":31168,"comment_status":"open","ping_status":"open","sticky":false,"template":"","format":"standard","meta":{"_crdt_document":"","footnotes":""},"categories":[4],"tags":[],"class_list":["post-31167","post","type-post","status-publish","format-standard","has-post-thumbnail","hentry","category-spor"],"_links":{"self":[{"href":"https:\/\/www.egemtv.com\/index.php?rest_route=\/wp\/v2\/posts\/31167","targetHints":{"allow":["GET"]}}],"collection":[{"href":"https:\/\/www.egemtv.com\/index.php?rest_route=\/wp\/v2\/posts"}],"about":[{"href":"https:\/\/www.egemtv.com\/index.php?rest_route=\/wp\/v2\/types\/post"}],"author":[{"embeddable":true,"href":"https:\/\/www.egemtv.com\/index.php?rest_route=\/wp\/v2\/users\/1"}],"replies":[{"embeddable":true,"href":"https:\/\/www.egemtv.com\/index.php?rest_route=%2Fwp%2Fv2%2Fcomments&post=31167"}],"version-history":[{"count":1,"href":"https:\/\/www.egemtv.com\/index.php?rest_route=\/wp\/v2\/posts\/31167\/revisions"}],"predecessor-version":[{"id":31169,"href":"https:\/\/www.egemtv.com\/index.php?rest_route=\/wp\/v2\/posts\/31167\/revisions\/31169"}],"wp:featuredmedia":[{"embeddable":true,"href":"https:\/\/www.egemtv.com\/index.php?rest_route=\/wp\/v2\/media\/31168"}],"wp:attachment":[{"href":"https:\/\/www.egemtv.com\/index.php?rest_route=%2Fwp%2Fv2%2Fmedia&parent=31167"}],"wp:term":[{"taxonomy":"category","embeddable":true,"href":"https:\/\/www.egemtv.com\/index.php?rest_route=%2Fwp%2Fv2%2Fcategories&post=31167"},{"taxonomy":"post_tag","embeddable":true,"href":"https:\/\/www.egemtv.com\/index.php?rest_route=%2Fwp%2Fv2%2Ftags&post=31167"}],"curies":[{"name":"wp","href":"https:\/\/api.w.org\/{rel}","templated":true}]}}