{"id":31164,"date":"2025-05-24T21:16:41","date_gmt":"2025-05-24T18:16:41","guid":{"rendered":"https:\/\/www.egemtv.com\/?p=31164"},"modified":"2025-05-24T21:16:45","modified_gmt":"2025-05-24T18:16:45","slug":"narkotik-ekiplerinden-uyusturucu-baskini-1-tutuklama","status":"publish","type":"post","link":"https:\/\/www.egemtv.com\/?p=31164","title":{"rendered":"Narkotik ekiplerinden uyu\u015fturucu bask\u0131n\u0131: 1 tutuklama"},"content":{"rendered":"<p>Ayd\u0131n\u2019\u0131n Efeler il\u00e7esinde narkotik ekiplerince bir adrese yap\u0131lan bask\u0131nda yakalan uyu\u015fturucu taciri, tutuklanarak cezaevine g\u00f6nderildi.<br \/>\n<br \/>Ayd\u0131n \u0130l Emniyet M\u00fcd\u00fcrl\u00fc\u011f\u00fc Narkotik Su\u00e7larla M\u00fccadele \u015eube M\u00fcd\u00fcrl\u00fc\u011f\u00fc koordinesinde uyu\u015fturucu ticareti ve kullan\u0131m\u0131na y\u00f6nelik y\u00fcr\u00fct\u00fclen \u00e7al\u0131\u015fmalar aral\u0131ks\u0131z devam ediyor. Edinilen bilgiye g\u00f6re ekipler, Uyu\u015fturucu Madde Ticareti ve Kullan\u0131m\u0131n\u0131 \u00f6nlemeye y\u00f6nelik olarak Efeler il\u00e7esi Yedi Eyl\u00fcl Mahallesi\u2019nde bir ikamete bask\u0131n ger\u00e7ekle\u015ftirdi. Yap\u0131lan aramada 40 gram metamfetamin maddesi ile 3 bin 600 TL su\u00e7tan elde edildi\u011fi de\u011ferlendirilen para ele ge\u00e7irildi. Yakalanarak g\u00f6zalt\u0131na al\u0131nan H.K. (29) isimli \u015fah\u0131s ise gerekli i\u015flemlerinin ard\u0131ndan sevk edildi\u011fi adli makamlarca Uyu\u015fturucu Madde Ticareti Yapmak su\u00e7undan tutuklanarak cezaevine g\u00f6nderildi.<br \/><\/p>\n","protected":false},"excerpt":{"rendered":"<p>Ayd\u0131n\u2019\u0131n Efeler il\u00e7esinde narkotik ekiplerince bir adrese yap\u0131lan bask\u0131nda yakalan uyu\u015fturucu taciri, tutuklanarak cezaevine g\u00f6nderildi. Ayd\u0131n \u0130l Emniyet M\u00fcd\u00fcrl\u00fc\u011f\u00fc Narkotik Su\u00e7larla M\u00fccadele \u015eube M\u00fcd\u00fcrl\u00fc\u011f\u00fc koordinesinde uyu\u015fturucu ticareti ve kullan\u0131m\u0131na y\u00f6nelik y\u00fcr\u00fct\u00fclen \u00e7al\u0131\u015fmalar aral\u0131ks\u0131z devam ediyor. Edinilen bilgiye g\u00f6re ekipler, Uyu\u015fturucu Madde Ticareti ve Kullan\u0131m\u0131n\u0131 \u00f6nlemeye y\u00f6nelik olarak Efeler il\u00e7esi Yedi Eyl\u00fcl Mahallesi\u2019nde bir ikamete bask\u0131n&#8230;<\/p>\n","protected":false},"author":1,"featured_media":31165,"comment_status":"open","ping_status":"open","sticky":false,"template":"","format":"standard","meta":{"_crdt_document":"","footnotes":""},"categories":[5],"tags":[],"class_list":["post-31164","post","type-post","status-publish","format-standard","has-post-thumbnail","hentry","category-asayis"],"_links":{"self":[{"href":"https:\/\/www.egemtv.com\/index.php?rest_route=\/wp\/v2\/posts\/31164","targetHints":{"allow":["GET"]}}],"collection":[{"href":"https:\/\/www.egemtv.com\/index.php?rest_route=\/wp\/v2\/posts"}],"about":[{"href":"https:\/\/www.egemtv.com\/index.php?rest_route=\/wp\/v2\/types\/post"}],"author":[{"embeddable":true,"href":"https:\/\/www.egemtv.com\/index.php?rest_route=\/wp\/v2\/users\/1"}],"replies":[{"embeddable":true,"href":"https:\/\/www.egemtv.com\/index.php?rest_route=%2Fwp%2Fv2%2Fcomments&post=31164"}],"version-history":[{"count":1,"href":"https:\/\/www.egemtv.com\/index.php?rest_route=\/wp\/v2\/posts\/31164\/revisions"}],"predecessor-version":[{"id":31166,"href":"https:\/\/www.egemtv.com\/index.php?rest_route=\/wp\/v2\/posts\/31164\/revisions\/31166"}],"wp:featuredmedia":[{"embeddable":true,"href":"https:\/\/www.egemtv.com\/index.php?rest_route=\/wp\/v2\/media\/31165"}],"wp:attachment":[{"href":"https:\/\/www.egemtv.com\/index.php?rest_route=%2Fwp%2Fv2%2Fmedia&parent=31164"}],"wp:term":[{"taxonomy":"category","embeddable":true,"href":"https:\/\/www.egemtv.com\/index.php?rest_route=%2Fwp%2Fv2%2Fcategories&post=31164"},{"taxonomy":"post_tag","embeddable":true,"href":"https:\/\/www.egemtv.com\/index.php?rest_route=%2Fwp%2Fv2%2Ftags&post=31164"}],"curies":[{"name":"wp","href":"https:\/\/api.w.org\/{rel}","templated":true}]}}