{"id":31158,"date":"2025-05-24T20:19:31","date_gmt":"2025-05-24T17:19:31","guid":{"rendered":"https:\/\/www.egemtv.com\/?p=31158"},"modified":"2025-05-24T20:19:35","modified_gmt":"2025-05-24T17:19:35","slug":"10-yildir-kayip-olan-32-yasindaki-adamin-arkadasi-cinayet-suphesiyle-tutuklandi","status":"publish","type":"post","link":"https:\/\/www.egemtv.com\/?p=31158","title":{"rendered":"10 y\u0131ld\u0131r kay\u0131p olan 32 ya\u015f\u0131ndaki adam\u0131n arkada\u015f\u0131 cinayet \u015f\u00fcphesiyle tutukland\u0131"},"content":{"rendered":"<p>Isparta\u2019da 10 y\u0131l \u00f6nce kaybolan \u015fahs\u0131n \u00f6ld\u00fcr\u00fclm\u00fc\u015f olabilece\u011fi ihtimali \u00fczerine ba\u015flat\u0131lan soru\u015fturmada g\u00f6zalt\u0131na al\u0131nan \u015fahs\u0131n arkada\u015f\u0131 tutuklan\u0131rken, eski e\u015fi ve di\u011fer \u015f\u00fcpheli adli kontrol \u015fart\u0131yla serbest b\u0131rak\u0131ld\u0131.<br \/>\n<br \/>Senirkent il\u00e7esine ba\u011fl\u0131 B\u00fcy\u00fckkabaca beldesinde 10 y\u0131l \u00f6nce ortadan kaybolan Mehmet \u00c7etin\u2019in (32) \u00f6ld\u00fcr\u00fclm\u00fc\u015f olabilece\u011fi \u015f\u00fcphesiyle ba\u015flat\u0131lan soru\u015fturma kapsam\u0131nda 3 ki\u015fi g\u00f6zalt\u0131na al\u0131nd\u0131. Ailenin bir televizyon program\u0131na kat\u0131larak yapt\u0131\u011f\u0131 a\u00e7\u0131klamalar \u00fczerine harekete ge\u00e7en Isparta Cumhuriyet Ba\u015fsavc\u0131l\u0131\u011f\u0131, Mehmet \u00c7etin\u2019in eski e\u015fi Derya K., belde sakinlerinden Bekir B. ve Bayram A. hakk\u0131nda i\u015flem ba\u015flatt\u0131. \u015e\u00fcpheliler, sal\u0131 g\u00fcn\u00fc \u0130stanbul\u2019daki televizyon kanal\u0131n\u0131n canl\u0131 yay\u0131n\u0131 s\u0131ras\u0131nda g\u00f6zalt\u0131na al\u0131narak Isparta\u2019ya getirildi.<\/p>\n<p>Kay\u0131p \u00c7etin\u2019in arkada\u015f\u0131 tutukland\u0131<br \/>\n<br \/>Emniyette 4 g\u00fcn s\u00fcren ifade i\u015flemlerinin ard\u0131ndan adliyeye sevk edilen \u015f\u00fcphelilerden Mehmet \u00c7etin\u2019in arkada\u015f\u0131 Bayram A., &#8220;kasten adam \u00f6ld\u00fcrme&#8221; su\u00e7lamas\u0131yla \u00e7\u0131kar\u0131ld\u0131\u011f\u0131 n\u00f6bet\u00e7i mahkemece tutuklanarak cezaevine g\u00f6nderildi. \u015e\u00fcpheliler Derya K. ve Bekir B. ise adli kontrol \u015fart\u0131yla serbest b\u0131rak\u0131ld\u0131.<br \/>\n<br \/>Olayla ilgili soru\u015fturman\u0131n devam etti\u011fi \u00f6\u011frenildi.<br \/><\/p>\n","protected":false},"excerpt":{"rendered":"<p>Isparta\u2019da 10 y\u0131l \u00f6nce kaybolan \u015fahs\u0131n \u00f6ld\u00fcr\u00fclm\u00fc\u015f olabilece\u011fi ihtimali \u00fczerine ba\u015flat\u0131lan soru\u015fturmada g\u00f6zalt\u0131na al\u0131nan \u015fahs\u0131n arkada\u015f\u0131 tutuklan\u0131rken, eski e\u015fi ve di\u011fer \u015f\u00fcpheli adli kontrol \u015fart\u0131yla serbest b\u0131rak\u0131ld\u0131. Senirkent il\u00e7esine ba\u011fl\u0131 B\u00fcy\u00fckkabaca beldesinde 10 y\u0131l \u00f6nce ortadan kaybolan Mehmet \u00c7etin\u2019in (32) \u00f6ld\u00fcr\u00fclm\u00fc\u015f olabilece\u011fi \u015f\u00fcphesiyle ba\u015flat\u0131lan soru\u015fturma kapsam\u0131nda 3 ki\u015fi g\u00f6zalt\u0131na al\u0131nd\u0131. Ailenin bir televizyon program\u0131na kat\u0131larak&#8230;<\/p>\n","protected":false},"author":1,"featured_media":31159,"comment_status":"open","ping_status":"open","sticky":false,"template":"","format":"standard","meta":{"_crdt_document":"","footnotes":""},"categories":[5],"tags":[],"class_list":["post-31158","post","type-post","status-publish","format-standard","has-post-thumbnail","hentry","category-asayis"],"_links":{"self":[{"href":"https:\/\/www.egemtv.com\/index.php?rest_route=\/wp\/v2\/posts\/31158","targetHints":{"allow":["GET"]}}],"collection":[{"href":"https:\/\/www.egemtv.com\/index.php?rest_route=\/wp\/v2\/posts"}],"about":[{"href":"https:\/\/www.egemtv.com\/index.php?rest_route=\/wp\/v2\/types\/post"}],"author":[{"embeddable":true,"href":"https:\/\/www.egemtv.com\/index.php?rest_route=\/wp\/v2\/users\/1"}],"replies":[{"embeddable":true,"href":"https:\/\/www.egemtv.com\/index.php?rest_route=%2Fwp%2Fv2%2Fcomments&post=31158"}],"version-history":[{"count":1,"href":"https:\/\/www.egemtv.com\/index.php?rest_route=\/wp\/v2\/posts\/31158\/revisions"}],"predecessor-version":[{"id":31160,"href":"https:\/\/www.egemtv.com\/index.php?rest_route=\/wp\/v2\/posts\/31158\/revisions\/31160"}],"wp:featuredmedia":[{"embeddable":true,"href":"https:\/\/www.egemtv.com\/index.php?rest_route=\/wp\/v2\/media\/31159"}],"wp:attachment":[{"href":"https:\/\/www.egemtv.com\/index.php?rest_route=%2Fwp%2Fv2%2Fmedia&parent=31158"}],"wp:term":[{"taxonomy":"category","embeddable":true,"href":"https:\/\/www.egemtv.com\/index.php?rest_route=%2Fwp%2Fv2%2Fcategories&post=31158"},{"taxonomy":"post_tag","embeddable":true,"href":"https:\/\/www.egemtv.com\/index.php?rest_route=%2Fwp%2Fv2%2Ftags&post=31158"}],"curies":[{"name":"wp","href":"https:\/\/api.w.org\/{rel}","templated":true}]}}