{"id":31155,"date":"2025-05-24T18:41:53","date_gmt":"2025-05-24T15:41:53","guid":{"rendered":"https:\/\/www.egemtv.com\/?p=31155"},"modified":"2025-05-24T18:41:57","modified_gmt":"2025-05-24T15:41:57","slug":"beton-mikseri-ile-kayan-kamyonetin-arasinda-kalan-surucu-hayatini-kaybetti","status":"publish","type":"post","link":"https:\/\/www.egemtv.com\/?p=31155","title":{"rendered":"Beton mikseri ile kayan kamyonetin aras\u0131nda kalan s\u00fcr\u00fcc\u00fc hayat\u0131n\u0131 kaybetti"},"content":{"rendered":"<p>Mu\u011fla\u2019n\u0131n Bodrum il\u00e7esine ba\u011fl\u0131 Geri\u015f Mahallesi\u2019nde beton mikseri ile kayan kamyonetin aras\u0131nda kalan s\u00fcr\u00fcc\u00fc hayat\u0131n\u0131 kaybetti.<br \/>\n<br \/>Edinilen bilgiye g\u00f6re, Geri\u015f Mahallesi\u2019nde Aslan Ak\u00e7akale\u2019nin kulland\u0131\u011f\u0131 34 BNM 492 plakal\u0131 beton mikseri yoku\u015f yukar\u0131 \u00e7\u0131karken kar\u015f\u0131 y\u00f6nden gelen \u0130lkay \u00c7. (36) y\u00f6netimindeki 34 GJY 915 plakal\u0131 kamyonetle kar\u015f\u0131 kar\u015f\u0131ya geldi. Ara\u00e7lar\u0131n durmas\u0131n\u0131n ard\u0131ndan Aslan Ak\u00e7akale, yola bakmak i\u00e7in mikserden indi. Bu s\u0131rada yoku\u015f a\u015fa\u011f\u0131 hareketsiz duran kamyonet kaymaya ba\u015flad\u0131. Beton mikseri ile kamyonet aras\u0131nda kalan Ak\u00e7akale, iki arac\u0131n aras\u0131nda s\u0131k\u0131\u015ft\u0131. Kazay\u0131 g\u00f6renlerin ihbar\u0131 \u00fczerine olay yerine sa\u011fl\u0131k ve polis ekipleri sevk edildi. Sa\u011fl\u0131k ekiplerinin yapt\u0131\u011f\u0131 kontrolde Aslan Ak\u00e7akale\u2019nin ya\u015fam\u0131n\u0131 yitirdi\u011fi belirlendi. Kaza sonras\u0131 vin\u00e7 ve kamyonet yard\u0131m\u0131yla ara\u00e7lar yoldan kald\u0131r\u0131l\u0131rken, Ak\u00e7akale\u2019nin cenazesinin otopsi i\u00e7in Mu\u011fla Adli T\u0131p Kurumu morguna g\u00f6nderilece\u011fi \u00f6\u011frenildi.<br \/>\n<br \/>Kazayla ilgili soru\u015fturma s\u00fcr\u00fcyor.<br \/><\/p>\n","protected":false},"excerpt":{"rendered":"<p>Mu\u011fla\u2019n\u0131n Bodrum il\u00e7esine ba\u011fl\u0131 Geri\u015f Mahallesi\u2019nde beton mikseri ile kayan kamyonetin aras\u0131nda kalan s\u00fcr\u00fcc\u00fc hayat\u0131n\u0131 kaybetti. Edinilen bilgiye g\u00f6re, Geri\u015f Mahallesi\u2019nde Aslan Ak\u00e7akale\u2019nin kulland\u0131\u011f\u0131 34 BNM 492 plakal\u0131 beton mikseri yoku\u015f yukar\u0131 \u00e7\u0131karken kar\u015f\u0131 y\u00f6nden gelen \u0130lkay \u00c7. (36) y\u00f6netimindeki 34 GJY 915 plakal\u0131 kamyonetle kar\u015f\u0131 kar\u015f\u0131ya geldi. Ara\u00e7lar\u0131n durmas\u0131n\u0131n ard\u0131ndan Aslan Ak\u00e7akale, yola bakmak&#8230;<\/p>\n","protected":false},"author":1,"featured_media":31156,"comment_status":"open","ping_status":"open","sticky":false,"template":"","format":"standard","meta":{"_crdt_document":"","footnotes":""},"categories":[5],"tags":[],"class_list":["post-31155","post","type-post","status-publish","format-standard","has-post-thumbnail","hentry","category-asayis"],"_links":{"self":[{"href":"https:\/\/www.egemtv.com\/index.php?rest_route=\/wp\/v2\/posts\/31155","targetHints":{"allow":["GET"]}}],"collection":[{"href":"https:\/\/www.egemtv.com\/index.php?rest_route=\/wp\/v2\/posts"}],"about":[{"href":"https:\/\/www.egemtv.com\/index.php?rest_route=\/wp\/v2\/types\/post"}],"author":[{"embeddable":true,"href":"https:\/\/www.egemtv.com\/index.php?rest_route=\/wp\/v2\/users\/1"}],"replies":[{"embeddable":true,"href":"https:\/\/www.egemtv.com\/index.php?rest_route=%2Fwp%2Fv2%2Fcomments&post=31155"}],"version-history":[{"count":1,"href":"https:\/\/www.egemtv.com\/index.php?rest_route=\/wp\/v2\/posts\/31155\/revisions"}],"predecessor-version":[{"id":31157,"href":"https:\/\/www.egemtv.com\/index.php?rest_route=\/wp\/v2\/posts\/31155\/revisions\/31157"}],"wp:featuredmedia":[{"embeddable":true,"href":"https:\/\/www.egemtv.com\/index.php?rest_route=\/wp\/v2\/media\/31156"}],"wp:attachment":[{"href":"https:\/\/www.egemtv.com\/index.php?rest_route=%2Fwp%2Fv2%2Fmedia&parent=31155"}],"wp:term":[{"taxonomy":"category","embeddable":true,"href":"https:\/\/www.egemtv.com\/index.php?rest_route=%2Fwp%2Fv2%2Fcategories&post=31155"},{"taxonomy":"post_tag","embeddable":true,"href":"https:\/\/www.egemtv.com\/index.php?rest_route=%2Fwp%2Fv2%2Ftags&post=31155"}],"curies":[{"name":"wp","href":"https:\/\/api.w.org\/{rel}","templated":true}]}}