{"id":31152,"date":"2025-05-24T18:41:48","date_gmt":"2025-05-24T15:41:48","guid":{"rendered":"https:\/\/www.egemtv.com\/?p=31152"},"modified":"2025-05-24T18:41:53","modified_gmt":"2025-05-24T15:41:53","slug":"izmirde-makilik-alandaki-yangina-mudahale-suruyor","status":"publish","type":"post","link":"https:\/\/www.egemtv.com\/?p=31152","title":{"rendered":"\u0130zmir\u2019de makilik alandaki yang\u0131na m\u00fcdahale s\u00fcr\u00fcyor"},"content":{"rendered":"<p>\u0130zmir\u2019in Urla il\u00e7esinde makilik alanda \u00e7\u0131kan yang\u0131na ekiplerin havadan ve karadan m\u00fcdahalesi devam ediyor.<br \/>\n<br \/>Yang\u0131n, saat 16.30 s\u0131rlar\u0131nda Urla il\u00e7esi G\u00fclbah\u00e7e Mahallesi mevkiinde bulunan makilik alanda ba\u015flad\u0131. \u0130zmir Orman B\u00f6lge M\u00fcd\u00fcrl\u00fc\u011f\u00fc\u2019ne ba\u011fl\u0131 ekipler, yang\u0131n\u0131 kontrol alt\u0131na almak i\u00e7in hem havadan hem de karadan yo\u011fun bir \u00e7al\u0131\u015fma y\u00fcr\u00fct\u00fcyor. Yang\u0131nla m\u00fccadele i\u00e7in \u0130zmir Orman B\u00f6lge M\u00fcd\u00fcrl\u00fc\u011f\u00fc\u2019ne ait 4 u\u00e7ak, 3 helikopter, 18 araz\u00f6z, 1 su ikmal arac\u0131 ve 2 dozer g\u00f6revlendirildi. Ekipler, alevlerin daha fazla yay\u0131lmas\u0131n\u0131 \u00f6nlemek ve yang\u0131n\u0131 s\u00f6nd\u00fcrmek i\u00e7in aral\u0131ks\u0131z \u00e7al\u0131\u015fmalar\u0131n\u0131 s\u00fcrd\u00fcr\u00fcyor.<br \/><\/p>\n","protected":false},"excerpt":{"rendered":"<p>\u0130zmir\u2019in Urla il\u00e7esinde makilik alanda \u00e7\u0131kan yang\u0131na ekiplerin havadan ve karadan m\u00fcdahalesi devam ediyor. Yang\u0131n, saat 16.30 s\u0131rlar\u0131nda Urla il\u00e7esi G\u00fclbah\u00e7e Mahallesi mevkiinde bulunan makilik alanda ba\u015flad\u0131. \u0130zmir Orman B\u00f6lge M\u00fcd\u00fcrl\u00fc\u011f\u00fc\u2019ne ba\u011fl\u0131 ekipler, yang\u0131n\u0131 kontrol alt\u0131na almak i\u00e7in hem havadan hem de karadan yo\u011fun bir \u00e7al\u0131\u015fma y\u00fcr\u00fct\u00fcyor. Yang\u0131nla m\u00fccadele i\u00e7in \u0130zmir Orman B\u00f6lge M\u00fcd\u00fcrl\u00fc\u011f\u00fc\u2019ne ait&#8230;<\/p>\n","protected":false},"author":1,"featured_media":31153,"comment_status":"open","ping_status":"open","sticky":false,"template":"","format":"standard","meta":{"_crdt_document":"","footnotes":""},"categories":[5],"tags":[],"class_list":["post-31152","post","type-post","status-publish","format-standard","has-post-thumbnail","hentry","category-asayis"],"_links":{"self":[{"href":"https:\/\/www.egemtv.com\/index.php?rest_route=\/wp\/v2\/posts\/31152","targetHints":{"allow":["GET"]}}],"collection":[{"href":"https:\/\/www.egemtv.com\/index.php?rest_route=\/wp\/v2\/posts"}],"about":[{"href":"https:\/\/www.egemtv.com\/index.php?rest_route=\/wp\/v2\/types\/post"}],"author":[{"embeddable":true,"href":"https:\/\/www.egemtv.com\/index.php?rest_route=\/wp\/v2\/users\/1"}],"replies":[{"embeddable":true,"href":"https:\/\/www.egemtv.com\/index.php?rest_route=%2Fwp%2Fv2%2Fcomments&post=31152"}],"version-history":[{"count":1,"href":"https:\/\/www.egemtv.com\/index.php?rest_route=\/wp\/v2\/posts\/31152\/revisions"}],"predecessor-version":[{"id":31154,"href":"https:\/\/www.egemtv.com\/index.php?rest_route=\/wp\/v2\/posts\/31152\/revisions\/31154"}],"wp:featuredmedia":[{"embeddable":true,"href":"https:\/\/www.egemtv.com\/index.php?rest_route=\/wp\/v2\/media\/31153"}],"wp:attachment":[{"href":"https:\/\/www.egemtv.com\/index.php?rest_route=%2Fwp%2Fv2%2Fmedia&parent=31152"}],"wp:term":[{"taxonomy":"category","embeddable":true,"href":"https:\/\/www.egemtv.com\/index.php?rest_route=%2Fwp%2Fv2%2Fcategories&post=31152"},{"taxonomy":"post_tag","embeddable":true,"href":"https:\/\/www.egemtv.com\/index.php?rest_route=%2Fwp%2Fv2%2Ftags&post=31152"}],"curies":[{"name":"wp","href":"https:\/\/api.w.org\/{rel}","templated":true}]}}