{"id":31149,"date":"2025-05-24T17:54:49","date_gmt":"2025-05-24T14:54:49","guid":{"rendered":"https:\/\/www.egemtv.com\/?p=31149"},"modified":"2025-05-24T17:54:55","modified_gmt":"2025-05-24T14:54:55","slug":"aydinli-sude-naz-turkiye-sampiyonu-oldu","status":"publish","type":"post","link":"https:\/\/www.egemtv.com\/?p=31149","title":{"rendered":"Ayd\u0131nl\u0131 Sude Naz T\u00fcrkiye \u015fampiyonu oldu"},"content":{"rendered":"<p>Sivas\u2019ta d\u00fczenlenen Atletizim T\u00fcrkiye \u015eampiyonas\u0131\u2019nda Ayd\u0131n\u2019\u0131 temsil eden Sude Naz Bayar, T\u00fcrkiye \u015fampiyonu oldu.<br \/>\n<br \/>Gen\u00e7 A\/B Okullar Aras\u0131 Atletizm T\u00fcrkiye \u015eampiyonas\u0131 Sivas\u2019\u0131n ev sahipli\u011finde ger\u00e7ekle\u015ftirildi. \u00dclke genelinde \u00e7ok say\u0131da sporcunun kat\u0131ld\u0131\u011f\u0131 \u015fampiyonada Ayd\u0131n\u2019\u0131, Gen\u00e7lik ve Spor \u0130l M\u00fcd\u00fcrl\u00fc\u011f\u00fc sporcusu Sude Naz Bayar temsil etti. \u00c7eki\u015fmeli ge\u00e7en m\u00fcsabakalarda sporcular birincilik i\u00e7in m\u00fccadele ederken, Ayd\u0131nl\u0131 sporcu Sude Naz Bayar, ba\u015far\u0131l\u0131 performans\u0131n\u0131n ard\u0131ndan 100 metre bran\u015f\u0131nda 12.32 saniyelik derecesiyle T\u00fcrkiye \u015eampiyonu oldu. Ayd\u0131n\u2019\u0131 ba\u015far\u0131l\u0131 bir \u015fekilde temsil eden gen\u00e7 spo\u0131rcuyu tebrik eden Ayd\u0131n Gen\u00e7lik ve Spor \u0130l M\u00fcd\u00fcrl\u00fc\u011f\u00fc konu ile ilgili yapt\u0131\u011f\u0131 payla\u015f\u0131mda &#8220;Sivas\u2019ta d\u00fczenlenen Gen\u00e7 A\/B Okullar Aras\u0131 Atletizm T\u00fcrkiye \u015eampiyonas\u0131\u2019nda sporcumuz Sude Naz Bayar, 100 metre bran\u015f\u0131nda 12.32 saniyelik derecesiyle T\u00fcrkiye \u015eampiyonu olmu\u015ftur. Kendisini tebrik eder, ba\u015far\u0131lar dileriz&#8221; ifadeleri yer ald\u0131.<br \/><\/p>\n","protected":false},"excerpt":{"rendered":"<p>Sivas\u2019ta d\u00fczenlenen Atletizim T\u00fcrkiye \u015eampiyonas\u0131\u2019nda Ayd\u0131n\u2019\u0131 temsil eden Sude Naz Bayar, T\u00fcrkiye \u015fampiyonu oldu. Gen\u00e7 A\/B Okullar Aras\u0131 Atletizm T\u00fcrkiye \u015eampiyonas\u0131 Sivas\u2019\u0131n ev sahipli\u011finde ger\u00e7ekle\u015ftirildi. \u00dclke genelinde \u00e7ok say\u0131da sporcunun kat\u0131ld\u0131\u011f\u0131 \u015fampiyonada Ayd\u0131n\u2019\u0131, Gen\u00e7lik ve Spor \u0130l M\u00fcd\u00fcrl\u00fc\u011f\u00fc sporcusu Sude Naz Bayar temsil etti. \u00c7eki\u015fmeli ge\u00e7en m\u00fcsabakalarda sporcular birincilik i\u00e7in m\u00fccadele ederken, Ayd\u0131nl\u0131 sporcu Sude&#8230;<\/p>\n","protected":false},"author":1,"featured_media":31150,"comment_status":"open","ping_status":"open","sticky":false,"template":"","format":"standard","meta":{"_crdt_document":"","footnotes":""},"categories":[4],"tags":[],"class_list":["post-31149","post","type-post","status-publish","format-standard","has-post-thumbnail","hentry","category-spor"],"_links":{"self":[{"href":"https:\/\/www.egemtv.com\/index.php?rest_route=\/wp\/v2\/posts\/31149","targetHints":{"allow":["GET"]}}],"collection":[{"href":"https:\/\/www.egemtv.com\/index.php?rest_route=\/wp\/v2\/posts"}],"about":[{"href":"https:\/\/www.egemtv.com\/index.php?rest_route=\/wp\/v2\/types\/post"}],"author":[{"embeddable":true,"href":"https:\/\/www.egemtv.com\/index.php?rest_route=\/wp\/v2\/users\/1"}],"replies":[{"embeddable":true,"href":"https:\/\/www.egemtv.com\/index.php?rest_route=%2Fwp%2Fv2%2Fcomments&post=31149"}],"version-history":[{"count":1,"href":"https:\/\/www.egemtv.com\/index.php?rest_route=\/wp\/v2\/posts\/31149\/revisions"}],"predecessor-version":[{"id":31151,"href":"https:\/\/www.egemtv.com\/index.php?rest_route=\/wp\/v2\/posts\/31149\/revisions\/31151"}],"wp:featuredmedia":[{"embeddable":true,"href":"https:\/\/www.egemtv.com\/index.php?rest_route=\/wp\/v2\/media\/31150"}],"wp:attachment":[{"href":"https:\/\/www.egemtv.com\/index.php?rest_route=%2Fwp%2Fv2%2Fmedia&parent=31149"}],"wp:term":[{"taxonomy":"category","embeddable":true,"href":"https:\/\/www.egemtv.com\/index.php?rest_route=%2Fwp%2Fv2%2Fcategories&post=31149"},{"taxonomy":"post_tag","embeddable":true,"href":"https:\/\/www.egemtv.com\/index.php?rest_route=%2Fwp%2Fv2%2Ftags&post=31149"}],"curies":[{"name":"wp","href":"https:\/\/api.w.org\/{rel}","templated":true}]}}