{"id":31146,"date":"2025-05-24T17:54:46","date_gmt":"2025-05-24T14:54:46","guid":{"rendered":"https:\/\/www.egemtv.com\/?p=31146"},"modified":"2025-05-24T17:54:49","modified_gmt":"2025-05-24T14:54:49","slug":"toprak-yiginin-altinda-kalan-genc-hayatini-kaybetti","status":"publish","type":"post","link":"https:\/\/www.egemtv.com\/?p=31146","title":{"rendered":"Toprak y\u0131\u011f\u0131n\u0131n alt\u0131nda kalan gen\u00e7 hayat\u0131n\u0131 kaybetti"},"content":{"rendered":"<p>Ayd\u0131n\u2019\u0131n Efeler il\u00e7esinde toprak y\u0131\u011f\u0131n\u0131n\u0131n kaymas\u0131 sonucu alt\u0131nda kalan 38 ya\u015f\u0131ndaki Halil Koyuncu hayat\u0131n\u0131 kaybetti.<\/p>\n<p>Olay, Efeler il\u00e7esi Dalama Mahallesi\u2019nde saat 12.30 s\u0131ralar\u0131nda meydana geldi. Edinilen bilgiye g\u00f6re H.Y.(34) isimli \u015fahs\u0131n arazisinde \u00e7al\u0131\u015fma yapan kep\u00e7e operat\u00f6r\u00fc Halil Koyuncu, incelemek amac\u0131yla kep\u00e7eyle y\u0131\u011fd\u0131\u011f\u0131 kum ve toprak y\u0131\u011f\u0131n\u0131n\u0131n \u00fcst\u00fcne \u00e7\u0131kt\u0131. O esnada topra\u011f\u0131n kaymas\u0131 sonucu gen\u00e7 adam, y\u0131\u011f\u0131n\u0131n\u0131n alt\u0131nda kald\u0131. Vatanda\u015flar durumu 112 Acil \u00c7a\u011fr\u0131 Merkezi\u2019ne bildirdi. \u0130hbar \u00fczerine b\u00f6lgeye jandarma ve sa\u011fl\u0131k ekipleri sevk edildi. Toprak alt\u0131ndan kurtar\u0131lan Koyuncu, ilk m\u00fcdahalenin ard\u0131ndan ambulansla K\u00f6\u015fk Devlet Hastanesi\u2019ne kald\u0131r\u0131ld\u0131. Talihsiz adam hastanede yap\u0131lan t\u00fcm m\u00fcdahalelere ra\u011f\u011fmen kurtar\u0131lamad\u0131. Olayla ilgili soru\u015fturma ba\u015flat\u0131ld\u0131.<br \/><\/p>\n","protected":false},"excerpt":{"rendered":"<p>Ayd\u0131n\u2019\u0131n Efeler il\u00e7esinde toprak y\u0131\u011f\u0131n\u0131n\u0131n kaymas\u0131 sonucu alt\u0131nda kalan 38 ya\u015f\u0131ndaki Halil Koyuncu hayat\u0131n\u0131 kaybetti. Olay, Efeler il\u00e7esi Dalama Mahallesi\u2019nde saat 12.30 s\u0131ralar\u0131nda meydana geldi. Edinilen bilgiye g\u00f6re H.Y.(34) isimli \u015fahs\u0131n arazisinde \u00e7al\u0131\u015fma yapan kep\u00e7e operat\u00f6r\u00fc Halil Koyuncu, incelemek amac\u0131yla kep\u00e7eyle y\u0131\u011fd\u0131\u011f\u0131 kum ve toprak y\u0131\u011f\u0131n\u0131n\u0131n \u00fcst\u00fcne \u00e7\u0131kt\u0131. O esnada topra\u011f\u0131n kaymas\u0131 sonucu gen\u00e7 adam,&#8230;<\/p>\n","protected":false},"author":1,"featured_media":31147,"comment_status":"open","ping_status":"open","sticky":false,"template":"","format":"standard","meta":{"_crdt_document":"","footnotes":""},"categories":[5],"tags":[],"class_list":["post-31146","post","type-post","status-publish","format-standard","has-post-thumbnail","hentry","category-asayis"],"_links":{"self":[{"href":"https:\/\/www.egemtv.com\/index.php?rest_route=\/wp\/v2\/posts\/31146","targetHints":{"allow":["GET"]}}],"collection":[{"href":"https:\/\/www.egemtv.com\/index.php?rest_route=\/wp\/v2\/posts"}],"about":[{"href":"https:\/\/www.egemtv.com\/index.php?rest_route=\/wp\/v2\/types\/post"}],"author":[{"embeddable":true,"href":"https:\/\/www.egemtv.com\/index.php?rest_route=\/wp\/v2\/users\/1"}],"replies":[{"embeddable":true,"href":"https:\/\/www.egemtv.com\/index.php?rest_route=%2Fwp%2Fv2%2Fcomments&post=31146"}],"version-history":[{"count":1,"href":"https:\/\/www.egemtv.com\/index.php?rest_route=\/wp\/v2\/posts\/31146\/revisions"}],"predecessor-version":[{"id":31148,"href":"https:\/\/www.egemtv.com\/index.php?rest_route=\/wp\/v2\/posts\/31146\/revisions\/31148"}],"wp:featuredmedia":[{"embeddable":true,"href":"https:\/\/www.egemtv.com\/index.php?rest_route=\/wp\/v2\/media\/31147"}],"wp:attachment":[{"href":"https:\/\/www.egemtv.com\/index.php?rest_route=%2Fwp%2Fv2%2Fmedia&parent=31146"}],"wp:term":[{"taxonomy":"category","embeddable":true,"href":"https:\/\/www.egemtv.com\/index.php?rest_route=%2Fwp%2Fv2%2Fcategories&post=31146"},{"taxonomy":"post_tag","embeddable":true,"href":"https:\/\/www.egemtv.com\/index.php?rest_route=%2Fwp%2Fv2%2Ftags&post=31146"}],"curies":[{"name":"wp","href":"https:\/\/api.w.org\/{rel}","templated":true}]}}