{"id":31143,"date":"2025-05-24T17:36:17","date_gmt":"2025-05-24T14:36:17","guid":{"rendered":"https:\/\/www.egemtv.com\/?p=31143"},"modified":"2025-05-24T17:36:22","modified_gmt":"2025-05-24T14:36:22","slug":"bodrum-belediyesi-ekipleri-saha-calismalarinda-hiz-kesmiyor","status":"publish","type":"post","link":"https:\/\/www.egemtv.com\/?p=31143","title":{"rendered":"Bodrum Belediyesi ekipleri saha \u00e7al\u0131\u015fmalar\u0131nda h\u0131z kesmiyor"},"content":{"rendered":"<p>Bodrum Belediyesi ekipleri, yakla\u015fan Kurban Bayram\u0131 \u00f6ncesinde temizlik, budama ve \u00e7evre d\u00fczenleme \u00e7al\u0131\u015fmalar\u0131n\u0131 h\u0131z kesmeden s\u00fcrd\u00fcr\u00fcyor.<br \/>\n<br \/>Yakla\u015fan Kurban Bayram\u0131 dolay\u0131s\u0131yla Bodrum Belediyesi Park ve Bah\u00e7eler M\u00fcd\u00fcrl\u00fc\u011f\u00fc, Temizlik \u0130\u015fleri M\u00fcd\u00fcrl\u00fc\u011f\u00fc ve Cenaze Hizmetleri Birimi\u2019nden olu\u015fturulan saha ekipleri, hem kent esteti\u011fi hem de \u00e7evre sa\u011fl\u0131\u011f\u0131 bak\u0131m\u0131ndan yar\u0131madan\u0131n d\u00f6rt bir yan\u0131nda koordineli \u015fekilde \u00e7al\u0131\u015fmalara devam ediyor.<\/p>\n<p>Ot bi\u00e7me, budama ve temizlik \u00e7al\u0131\u015fmalar\u0131 Bodrum merkezden Karaova\u2019ya, Yal\u0131kavak\u2019tan Turgutreis\u2019e kadar 56 mahallede koordineli olarak y\u00fcr\u00fct\u00fcl\u00fcyor. En son Park ve Bah\u00e7eler M\u00fcd\u00fcrl\u00fc\u011f\u00fc ekipleri taraf\u0131ndan Konac\u0131k Mahallesi Alparslan T\u00fcrke\u015f Bulvar\u0131 ve Gaz Deresi Caddesi\u2019nde saat 04.30\u2019da ba\u015flat\u0131lan \u00e7al\u0131\u015fmalarda 85 personel g\u00f6rev ald\u0131.<br \/><\/p>\n","protected":false},"excerpt":{"rendered":"<p>Bodrum Belediyesi ekipleri, yakla\u015fan Kurban Bayram\u0131 \u00f6ncesinde temizlik, budama ve \u00e7evre d\u00fczenleme \u00e7al\u0131\u015fmalar\u0131n\u0131 h\u0131z kesmeden s\u00fcrd\u00fcr\u00fcyor. Yakla\u015fan Kurban Bayram\u0131 dolay\u0131s\u0131yla Bodrum Belediyesi Park ve Bah\u00e7eler M\u00fcd\u00fcrl\u00fc\u011f\u00fc, Temizlik \u0130\u015fleri M\u00fcd\u00fcrl\u00fc\u011f\u00fc ve Cenaze Hizmetleri Birimi\u2019nden olu\u015fturulan saha ekipleri, hem kent esteti\u011fi hem de \u00e7evre sa\u011fl\u0131\u011f\u0131 bak\u0131m\u0131ndan yar\u0131madan\u0131n d\u00f6rt bir yan\u0131nda koordineli \u015fekilde \u00e7al\u0131\u015fmalara devam ediyor. Ot bi\u00e7me,&#8230;<\/p>\n","protected":false},"author":1,"featured_media":31144,"comment_status":"open","ping_status":"open","sticky":false,"template":"","format":"standard","meta":{"_crdt_document":"","footnotes":""},"categories":[1],"tags":[],"class_list":["post-31143","post","type-post","status-publish","format-standard","has-post-thumbnail","hentry","category-guncel"],"_links":{"self":[{"href":"https:\/\/www.egemtv.com\/index.php?rest_route=\/wp\/v2\/posts\/31143","targetHints":{"allow":["GET"]}}],"collection":[{"href":"https:\/\/www.egemtv.com\/index.php?rest_route=\/wp\/v2\/posts"}],"about":[{"href":"https:\/\/www.egemtv.com\/index.php?rest_route=\/wp\/v2\/types\/post"}],"author":[{"embeddable":true,"href":"https:\/\/www.egemtv.com\/index.php?rest_route=\/wp\/v2\/users\/1"}],"replies":[{"embeddable":true,"href":"https:\/\/www.egemtv.com\/index.php?rest_route=%2Fwp%2Fv2%2Fcomments&post=31143"}],"version-history":[{"count":1,"href":"https:\/\/www.egemtv.com\/index.php?rest_route=\/wp\/v2\/posts\/31143\/revisions"}],"predecessor-version":[{"id":31145,"href":"https:\/\/www.egemtv.com\/index.php?rest_route=\/wp\/v2\/posts\/31143\/revisions\/31145"}],"wp:featuredmedia":[{"embeddable":true,"href":"https:\/\/www.egemtv.com\/index.php?rest_route=\/wp\/v2\/media\/31144"}],"wp:attachment":[{"href":"https:\/\/www.egemtv.com\/index.php?rest_route=%2Fwp%2Fv2%2Fmedia&parent=31143"}],"wp:term":[{"taxonomy":"category","embeddable":true,"href":"https:\/\/www.egemtv.com\/index.php?rest_route=%2Fwp%2Fv2%2Fcategories&post=31143"},{"taxonomy":"post_tag","embeddable":true,"href":"https:\/\/www.egemtv.com\/index.php?rest_route=%2Fwp%2Fv2%2Ftags&post=31143"}],"curies":[{"name":"wp","href":"https:\/\/api.w.org\/{rel}","templated":true}]}}