{"id":31140,"date":"2025-05-24T17:15:55","date_gmt":"2025-05-24T14:15:55","guid":{"rendered":"https:\/\/www.egemtv.com\/?p=31140"},"modified":"2025-05-24T17:15:58","modified_gmt":"2025-05-24T14:15:58","slug":"izmir-focada-tarim-arazisinde-baslayan-yangin-ormana-sicradi","status":"publish","type":"post","link":"https:\/\/www.egemtv.com\/?p=31140","title":{"rendered":"\u0130zmir Fo\u00e7a\u2019da tar\u0131m arazisinde ba\u015flayan yang\u0131n ormana s\u0131\u00e7rad\u0131"},"content":{"rendered":"<p>\u0130zmir\u2019in Fo\u00e7a il\u00e7esinde, tar\u0131m arazisinde \u00e7\u0131kan yang\u0131n, makilik alana da s\u0131\u00e7rad\u0131. Alevlere havadan ve karadan m\u00fcdahale ediliyor.<br \/>\n<br \/>\u0130zmir\u2019in Fo\u00e7a il\u00e7esi Gerenk\u00f6y mevkiinde \u00f6\u011fleden sonra saat 14.25\u2019te tar\u0131m arazisinde ba\u015flayan yang\u0131n, k\u0131sa s\u00fcrede yak\u0131ndaki ormanl\u0131k alana sirayet etti.<br \/>\n<br \/>\u0130zmir Orman B\u00f6lge M\u00fcd\u00fcrl\u00fc\u011f\u00fc\u2019ne ba\u011fl\u0131 ekipler, yang\u0131n\u0131 kontrol alt\u0131na almak i\u00e7in hem havadan hem de karadan yo\u011fun bir \u00e7al\u0131\u015fma y\u00fcr\u00fct\u00fcyor.<br \/>\n<br \/>Yang\u0131nla m\u00fccadelede \u015fu ana kadar \u0130zmir Orman B\u00f6lge M\u00fcd\u00fcrl\u00fc\u011f\u00fc\u2019ne ait 2 u\u00e7ak, 5 helikopter, 20 araz\u00f6z, 5 su ikmal arac\u0131 ve 1 dozer g\u00f6revlendirildi. Ekipler, alevlerin daha fazla yay\u0131lmas\u0131n\u0131 \u00f6nlemek ve yang\u0131n\u0131 en k\u0131sa s\u00fcrede s\u00f6nd\u00fcrmek i\u00e7in aral\u0131ks\u0131z \u00e7aba g\u00f6steriyor.<br \/><\/p>\n","protected":false},"excerpt":{"rendered":"<p>\u0130zmir\u2019in Fo\u00e7a il\u00e7esinde, tar\u0131m arazisinde \u00e7\u0131kan yang\u0131n, makilik alana da s\u0131\u00e7rad\u0131. Alevlere havadan ve karadan m\u00fcdahale ediliyor. \u0130zmir\u2019in Fo\u00e7a il\u00e7esi Gerenk\u00f6y mevkiinde \u00f6\u011fleden sonra saat 14.25\u2019te tar\u0131m arazisinde ba\u015flayan yang\u0131n, k\u0131sa s\u00fcrede yak\u0131ndaki ormanl\u0131k alana sirayet etti. \u0130zmir Orman B\u00f6lge M\u00fcd\u00fcrl\u00fc\u011f\u00fc\u2019ne ba\u011fl\u0131 ekipler, yang\u0131n\u0131 kontrol alt\u0131na almak i\u00e7in hem havadan hem de karadan yo\u011fun bir&#8230;<\/p>\n","protected":false},"author":1,"featured_media":31141,"comment_status":"open","ping_status":"open","sticky":false,"template":"","format":"standard","meta":{"_crdt_document":"","footnotes":""},"categories":[5],"tags":[],"class_list":["post-31140","post","type-post","status-publish","format-standard","has-post-thumbnail","hentry","category-asayis"],"_links":{"self":[{"href":"https:\/\/www.egemtv.com\/index.php?rest_route=\/wp\/v2\/posts\/31140","targetHints":{"allow":["GET"]}}],"collection":[{"href":"https:\/\/www.egemtv.com\/index.php?rest_route=\/wp\/v2\/posts"}],"about":[{"href":"https:\/\/www.egemtv.com\/index.php?rest_route=\/wp\/v2\/types\/post"}],"author":[{"embeddable":true,"href":"https:\/\/www.egemtv.com\/index.php?rest_route=\/wp\/v2\/users\/1"}],"replies":[{"embeddable":true,"href":"https:\/\/www.egemtv.com\/index.php?rest_route=%2Fwp%2Fv2%2Fcomments&post=31140"}],"version-history":[{"count":1,"href":"https:\/\/www.egemtv.com\/index.php?rest_route=\/wp\/v2\/posts\/31140\/revisions"}],"predecessor-version":[{"id":31142,"href":"https:\/\/www.egemtv.com\/index.php?rest_route=\/wp\/v2\/posts\/31140\/revisions\/31142"}],"wp:featuredmedia":[{"embeddable":true,"href":"https:\/\/www.egemtv.com\/index.php?rest_route=\/wp\/v2\/media\/31141"}],"wp:attachment":[{"href":"https:\/\/www.egemtv.com\/index.php?rest_route=%2Fwp%2Fv2%2Fmedia&parent=31140"}],"wp:term":[{"taxonomy":"category","embeddable":true,"href":"https:\/\/www.egemtv.com\/index.php?rest_route=%2Fwp%2Fv2%2Fcategories&post=31140"},{"taxonomy":"post_tag","embeddable":true,"href":"https:\/\/www.egemtv.com\/index.php?rest_route=%2Fwp%2Fv2%2Ftags&post=31140"}],"curies":[{"name":"wp","href":"https:\/\/api.w.org\/{rel}","templated":true}]}}