{"id":31137,"date":"2025-05-24T16:37:07","date_gmt":"2025-05-24T13:37:07","guid":{"rendered":"https:\/\/www.egemtv.com\/?p=31137"},"modified":"2025-05-24T16:37:11","modified_gmt":"2025-05-24T13:37:11","slug":"kaymakam-keklik-sampiyonlarla-bir-aray-geldi","status":"publish","type":"post","link":"https:\/\/www.egemtv.com\/?p=31137","title":{"rendered":"Kaymakam Keklik, \u015fampiyonlarla bir aray geldi"},"content":{"rendered":"<p>U16 T\u00fcrkiye \u015eampiyonas\u0131\u2019nda b\u00fcy\u00fck bir ba\u015far\u0131ya imza atarak \u015fampiyon olan Ku\u015fadas\u0131 K\u00fc\u00e7\u00fckada Spor Kul\u00fcb\u00fc oyuncular\u0131, antren\u00f6rleri ve y\u00f6neticileri, \u0130l\u00e7e Gen\u00e7lik ve Spor M\u00fcd\u00fcr\u00fc ile birlikte Ku\u015fadas\u0131 Kaymakam\u0131 \u0130brahim Keklik\u2019i makam\u0131nda ziyaret etti.<br \/>\n<br \/>Gen\u00e7 sporcular\u0131 tek tek tebrik eden Kaymakam Keklik, elde edilen bu tarihi ba\u015far\u0131n\u0131n sadece kul\u00fcp ve Ku\u015fadas\u0131 i\u00e7in de\u011fil, t\u00fcm Ayd\u0131n i\u00e7in gurur verici oldu\u011funu belirtti. Sporun birle\u015ftirici ve geli\u015ftirici g\u00fcc\u00fcne dikkat \u00e7eken Keklik, gen\u00e7lerin bu ba\u015far\u0131lar\u0131n\u0131n di\u011fer gen\u00e7lere de \u00f6rnek olaca\u011f\u0131n\u0131 ifade etti. Ziyaret s\u0131ras\u0131nda konu\u015fan K\u00fc\u00e7\u00fckada Spor Kul\u00fcb\u00fc y\u00f6neticileri ise, sporcular\u0131n disiplinli \u00e7al\u0131\u015fmalar\u0131 ve antren\u00f6rlerinin \u00f6zverisi sayesinde bu ba\u015far\u0131ya ula\u015ft\u0131klar\u0131n\u0131 belirterek, desteklerinden dolay\u0131 Kaymakam Keklik\u2019e te\u015fekk\u00fcr ettiler.<br \/>\n<br \/>Kaymakaml\u0131k taraf\u0131ndan yap\u0131lan a\u00e7\u0131klamada da &#8220;U16 T\u00fcrkiye \u015eampiyonas\u0131\u2019nda \u015fampiyon olan Ku\u015fadas\u0131 K\u00fc\u00e7\u00fckada Spor Kul\u00fcb\u00fc Oyuncular\u0131, Antren\u00f6rleri, Y\u00f6neticileri ve \u0130l\u00e7e Gen\u00e7lik ve Spor M\u00fcd\u00fcr\u00fcm\u00fcz, Kaymakam\u0131m\u0131z \u0130brahim Keklik\u2019i ziyaret etti. Kendilerini tebrik eder, ba\u015far\u0131lar\u0131n\u0131n devam\u0131n\u0131 dileriz&#8221; ifadeleri yer ald\u0131.<br \/>\n<br \/>Ayr\u0131ca ziyarette gen\u00e7 sporcular, Kaymakam Keklik\u2019e imzal\u0131 forma hediye ederken, ziyarette samimi ve gurur dolu anlar ya\u015fand\u0131. Ba\u015far\u0131lar\u0131yla Ku\u015fadas\u0131\u2019n\u0131 gururland\u0131ran K\u00fc\u00e7\u00fckada Spor Kul\u00fcb\u00fc, hedeflerinin daha b\u00fcy\u00fck \u015fampiyonluklar oldu\u011funu vurgulad\u0131.<br \/><\/p>\n","protected":false},"excerpt":{"rendered":"<p>U16 T\u00fcrkiye \u015eampiyonas\u0131\u2019nda b\u00fcy\u00fck bir ba\u015far\u0131ya imza atarak \u015fampiyon olan Ku\u015fadas\u0131 K\u00fc\u00e7\u00fckada Spor Kul\u00fcb\u00fc oyuncular\u0131, antren\u00f6rleri ve y\u00f6neticileri, \u0130l\u00e7e Gen\u00e7lik ve Spor M\u00fcd\u00fcr\u00fc ile birlikte Ku\u015fadas\u0131 Kaymakam\u0131 \u0130brahim Keklik\u2019i makam\u0131nda ziyaret etti. Gen\u00e7 sporcular\u0131 tek tek tebrik eden Kaymakam Keklik, elde edilen bu tarihi ba\u015far\u0131n\u0131n sadece kul\u00fcp ve Ku\u015fadas\u0131 i\u00e7in de\u011fil, t\u00fcm Ayd\u0131n i\u00e7in gurur&#8230;<\/p>\n","protected":false},"author":1,"featured_media":31138,"comment_status":"open","ping_status":"open","sticky":false,"template":"","format":"standard","meta":{"_crdt_document":"","footnotes":""},"categories":[1],"tags":[],"class_list":["post-31137","post","type-post","status-publish","format-standard","has-post-thumbnail","hentry","category-guncel"],"_links":{"self":[{"href":"https:\/\/www.egemtv.com\/index.php?rest_route=\/wp\/v2\/posts\/31137","targetHints":{"allow":["GET"]}}],"collection":[{"href":"https:\/\/www.egemtv.com\/index.php?rest_route=\/wp\/v2\/posts"}],"about":[{"href":"https:\/\/www.egemtv.com\/index.php?rest_route=\/wp\/v2\/types\/post"}],"author":[{"embeddable":true,"href":"https:\/\/www.egemtv.com\/index.php?rest_route=\/wp\/v2\/users\/1"}],"replies":[{"embeddable":true,"href":"https:\/\/www.egemtv.com\/index.php?rest_route=%2Fwp%2Fv2%2Fcomments&post=31137"}],"version-history":[{"count":1,"href":"https:\/\/www.egemtv.com\/index.php?rest_route=\/wp\/v2\/posts\/31137\/revisions"}],"predecessor-version":[{"id":31139,"href":"https:\/\/www.egemtv.com\/index.php?rest_route=\/wp\/v2\/posts\/31137\/revisions\/31139"}],"wp:featuredmedia":[{"embeddable":true,"href":"https:\/\/www.egemtv.com\/index.php?rest_route=\/wp\/v2\/media\/31138"}],"wp:attachment":[{"href":"https:\/\/www.egemtv.com\/index.php?rest_route=%2Fwp%2Fv2%2Fmedia&parent=31137"}],"wp:term":[{"taxonomy":"category","embeddable":true,"href":"https:\/\/www.egemtv.com\/index.php?rest_route=%2Fwp%2Fv2%2Fcategories&post=31137"},{"taxonomy":"post_tag","embeddable":true,"href":"https:\/\/www.egemtv.com\/index.php?rest_route=%2Fwp%2Fv2%2Ftags&post=31137"}],"curies":[{"name":"wp","href":"https:\/\/api.w.org\/{rel}","templated":true}]}}