{"id":31134,"date":"2025-05-24T16:37:01","date_gmt":"2025-05-24T13:37:01","guid":{"rendered":"https:\/\/www.egemtv.com\/?p=31134"},"modified":"2025-05-24T16:37:07","modified_gmt":"2025-05-24T13:37:07","slug":"focadaki-ziraat-arazisinde-yangin-cikti","status":"publish","type":"post","link":"https:\/\/www.egemtv.com\/?p=31134","title":{"rendered":"Fo\u00e7a\u2019daki ziraat arazisinde yang\u0131n \u00e7\u0131kt\u0131"},"content":{"rendered":"<p>\u0130zmir\u2019in Fo\u00e7a il\u00e7esindeki ziraat arazisinde ba\u015flayan daha sonra ormanl\u0131k alana sirayet eden yang\u0131na havadan ve karadan m\u00fcdahale ediliyor.<br \/>\n<br \/>Yang\u0131n, saat 14.25 s\u0131ralar\u0131nda Fo\u00e7a il\u00e7esi Gerenk\u00f6y mevkiinde meydana geldi. Hen\u00fcz belirlenemeyen sebepten dolay\u0131 ziraat arazisinde alevlerin y\u00fckseldi\u011fini g\u00f6ren vatanda\u015flar durumu 112 Acil \u00c7a\u011fr\u0131 Merkezine bildirdi. \u0130hbar \u00fczerine b\u00f6lgeye \u0130zmir Orman B\u00f6lge M\u00fcd\u00fcrl\u00fc\u011f\u00fcne ba\u011fl\u0131; 2 u\u00e7ak, 5 helikopter, 20 araz\u00f6z, 5 su ikmal ve 1 dozer sevk edildi. Ekiplerin alevlere m\u00fcdahalesinin havadan ve karadan s\u00fcrd\u00fc\u011f\u00fc belirtilirken yang\u0131n\u0131n ormanl\u0131k alana da sirayet etti\u011fi ifade edildi.<br \/><\/p>\n","protected":false},"excerpt":{"rendered":"<p>\u0130zmir\u2019in Fo\u00e7a il\u00e7esindeki ziraat arazisinde ba\u015flayan daha sonra ormanl\u0131k alana sirayet eden yang\u0131na havadan ve karadan m\u00fcdahale ediliyor. Yang\u0131n, saat 14.25 s\u0131ralar\u0131nda Fo\u00e7a il\u00e7esi Gerenk\u00f6y mevkiinde meydana geldi. Hen\u00fcz belirlenemeyen sebepten dolay\u0131 ziraat arazisinde alevlerin y\u00fckseldi\u011fini g\u00f6ren vatanda\u015flar durumu 112 Acil \u00c7a\u011fr\u0131 Merkezine bildirdi. \u0130hbar \u00fczerine b\u00f6lgeye \u0130zmir Orman B\u00f6lge M\u00fcd\u00fcrl\u00fc\u011f\u00fcne ba\u011fl\u0131; 2 u\u00e7ak, 5&#8230;<\/p>\n","protected":false},"author":1,"featured_media":31135,"comment_status":"open","ping_status":"open","sticky":false,"template":"","format":"standard","meta":{"_crdt_document":"","footnotes":""},"categories":[5],"tags":[],"class_list":["post-31134","post","type-post","status-publish","format-standard","has-post-thumbnail","hentry","category-asayis"],"_links":{"self":[{"href":"https:\/\/www.egemtv.com\/index.php?rest_route=\/wp\/v2\/posts\/31134","targetHints":{"allow":["GET"]}}],"collection":[{"href":"https:\/\/www.egemtv.com\/index.php?rest_route=\/wp\/v2\/posts"}],"about":[{"href":"https:\/\/www.egemtv.com\/index.php?rest_route=\/wp\/v2\/types\/post"}],"author":[{"embeddable":true,"href":"https:\/\/www.egemtv.com\/index.php?rest_route=\/wp\/v2\/users\/1"}],"replies":[{"embeddable":true,"href":"https:\/\/www.egemtv.com\/index.php?rest_route=%2Fwp%2Fv2%2Fcomments&post=31134"}],"version-history":[{"count":1,"href":"https:\/\/www.egemtv.com\/index.php?rest_route=\/wp\/v2\/posts\/31134\/revisions"}],"predecessor-version":[{"id":31136,"href":"https:\/\/www.egemtv.com\/index.php?rest_route=\/wp\/v2\/posts\/31134\/revisions\/31136"}],"wp:featuredmedia":[{"embeddable":true,"href":"https:\/\/www.egemtv.com\/index.php?rest_route=\/wp\/v2\/media\/31135"}],"wp:attachment":[{"href":"https:\/\/www.egemtv.com\/index.php?rest_route=%2Fwp%2Fv2%2Fmedia&parent=31134"}],"wp:term":[{"taxonomy":"category","embeddable":true,"href":"https:\/\/www.egemtv.com\/index.php?rest_route=%2Fwp%2Fv2%2Fcategories&post=31134"},{"taxonomy":"post_tag","embeddable":true,"href":"https:\/\/www.egemtv.com\/index.php?rest_route=%2Fwp%2Fv2%2Ftags&post=31134"}],"curies":[{"name":"wp","href":"https:\/\/api.w.org\/{rel}","templated":true}]}}