{"id":31128,"date":"2025-05-24T15:16:27","date_gmt":"2025-05-24T12:16:27","guid":{"rendered":"https:\/\/www.egemtv.com\/?p=31128"},"modified":"2025-05-24T15:16:32","modified_gmt":"2025-05-24T12:16:32","slug":"cami-donanimlari-firmasi-yeni-fabrikasini-acti","status":"publish","type":"post","link":"https:\/\/www.egemtv.com\/?p=31128","title":{"rendered":"Cami donan\u0131mlar\u0131 firmas\u0131, yeni fabrikas\u0131n\u0131 a\u00e7t\u0131"},"content":{"rendered":"<p>Manisa\u2019n\u0131n Demirci il\u00e7esinde faaliyet g\u00f6steren Teks\u00f6z Camii Donan\u0131mlar\u0131 A.\u015e.\u2019nin yeni i\u015f yeri, d\u00fczenlenen g\u00f6rkemli bir t\u00f6renle hizmete a\u00e7\u0131ld\u0131. A\u00e7\u0131l\u0131\u015f program\u0131na i\u015f d\u00fcnyas\u0131, siyasi parti temsilcileri, kurum amirleri ve \u00e7ok say\u0131da davetli kat\u0131ld\u0131.<br \/>\n<br \/>Cami kap\u0131s\u0131, mihrap, minber, k\u00fcrs\u00fc, m\u00fcezzin mahfili, mahfil, korkuluk, duvar kaplama, ayakkab\u0131l\u0131k, lambri ve tavan kaplama gibi alanlarda 24 y\u0131ld\u0131r hizmet veren firman\u0131n yeni fabrikas\u0131n\u0131n in\u015faat\u0131na 1 y\u0131l \u00f6nce ba\u015fland\u0131\u011f\u0131 belirtildi.<br \/>\n<br \/>Firma sahibi Veli Teks\u00f6z yapt\u0131\u011f\u0131 konu\u015fmada, &#8220;Fabrikam\u0131z 2 bin 800 metrekarelik alana kurulu. \u015eu an 35 ki\u015fiye istihdam sa\u011fl\u0131yoruz. \u00dcretti\u011fimiz mamulleri d\u00fcnyan\u0131n bir\u00e7ok \u00fclkesine ihra\u00e7 ederek \u00fclkemize d\u00f6viz girdisi sa\u011fl\u0131yoruz. Bu \u00f6zel g\u00fcnde k\u0131ymetli dostlarla birlikte olman\u0131n mutlulu\u011funu ya\u015f\u0131yorum. A\u00e7\u0131l\u0131\u015f de\u011fil de dostlarla bir araya gelmek olsun istedim ama i\u015fi biraz b\u00fcy\u00fctt\u00fck. Hepinize te\u015fekk\u00fcr ederim, Allah raz\u0131 olsun&#8221; ifadelerini kulland\u0131.<br \/>\n<br \/>A\u00e7\u0131l\u0131\u015fta konu\u015fan Demirci Belediye Ba\u015fkan\u0131 Erkan Kara ise &#8220;Bug\u00fcn burada Veli A\u011fabeyimizin fabrikas\u0131n\u0131n a\u00e7\u0131l\u0131\u015f\u0131 i\u00e7in topland\u0131k. \u0130l\u00e7emizde bu t\u00fcr i\u015fletmelerin artmas\u0131 i\u00e7in belediye olarak elimizden gelen her t\u00fcrl\u00fc deste\u011fi vermeye haz\u0131r\u0131z. Allah Veli Teks\u00f6z gibi giri\u015fimcilerin say\u0131s\u0131n\u0131 art\u0131rs\u0131n. Bu tesisin il\u00e7emize, Manisa\u2019m\u0131za, \u00fclkemize ve \u0130slam co\u011frafyas\u0131na hay\u0131rl\u0131 olmas\u0131n\u0131 temenni ediyorum&#8221; dedi.<br \/>\n<br \/>Program, G\u00f6rdes eski M\u00fcft\u00fcs\u00fc ve T\u00fcrkiye Gazetesi yazar\u0131 Hasan Yava\u015f taraf\u0131ndan okunan dua ile devam etti. Ard\u0131ndan kurdele kesilerek fabrika resmen a\u00e7\u0131ld\u0131.<br \/>\n<br \/>T\u00f6rene, Demirci Belediye Ba\u015fkan\u0131 Erkan Kara, \u0130l\u00e7e Milli E\u011fitim M\u00fcd\u00fcr\u00fc Bilal \u00c7etinkaya, \u0130l\u00e7e Emniyet M\u00fcd\u00fcr\u00fc Bar\u0131\u015f Kayar, \u0130l\u00e7e Jandarma Komutan\u0131 U\u011furcan \u015eahin, Demirci Ticaret ve Sanayi Odas\u0131 Ba\u015fkan\u0131 Kas\u0131m Kabak, \u0130l\u00e7e M\u00fcft\u00fcs\u00fc \u0130brahim Sa\u011flam, G\u00f6rdes M\u00fcft\u00fcs\u00fc Hasan Ayd\u0131n, K\u00f6pr\u00fcba\u015f\u0131 M\u00fcft\u00fcs\u00fc Yahya \u00d6zen, siyasi partilerin, sivil toplum kurulu\u015flar\u0131n\u0131n ve odalar\u0131n ba\u015fkanlar\u0131 ile temsilcileri, muhtarlar, okul m\u00fcd\u00fcrleri, din g\u00f6revlileri ve \u00e7ok say\u0131da vatanda\u015f kat\u0131ld\u0131.<br \/>\n<br \/>A\u00e7\u0131l\u0131\u015f\u0131n ard\u0131ndan protokol \u00fcyeleri ve davetliler, fabrikay\u0131 gezerek \u00e7al\u0131\u015fanlardan bilgi ald\u0131. T\u00f6renin sonunda misafirlere ke\u015fke\u011fin yan\u0131 s\u0131ra ayran ve helva ikram edildi. Yakla\u015f\u0131k 2 bin ki\u015fiye yemek servisi yap\u0131ld\u0131.<br \/><\/p>\n","protected":false},"excerpt":{"rendered":"<p>Manisa\u2019n\u0131n Demirci il\u00e7esinde faaliyet g\u00f6steren Teks\u00f6z Camii Donan\u0131mlar\u0131 A.\u015e.\u2019nin yeni i\u015f yeri, d\u00fczenlenen g\u00f6rkemli bir t\u00f6renle hizmete a\u00e7\u0131ld\u0131. A\u00e7\u0131l\u0131\u015f program\u0131na i\u015f d\u00fcnyas\u0131, siyasi parti temsilcileri, kurum amirleri ve \u00e7ok say\u0131da davetli kat\u0131ld\u0131. Cami kap\u0131s\u0131, mihrap, minber, k\u00fcrs\u00fc, m\u00fcezzin mahfili, mahfil, korkuluk, duvar kaplama, ayakkab\u0131l\u0131k, lambri ve tavan kaplama gibi alanlarda 24 y\u0131ld\u0131r hizmet veren firman\u0131n&#8230;<\/p>\n","protected":false},"author":1,"featured_media":31129,"comment_status":"open","ping_status":"open","sticky":false,"template":"","format":"standard","meta":{"_crdt_document":"","footnotes":""},"categories":[125],"tags":[],"class_list":["post-31128","post","type-post","status-publish","format-standard","has-post-thumbnail","hentry","category-ekonomi"],"_links":{"self":[{"href":"https:\/\/www.egemtv.com\/index.php?rest_route=\/wp\/v2\/posts\/31128","targetHints":{"allow":["GET"]}}],"collection":[{"href":"https:\/\/www.egemtv.com\/index.php?rest_route=\/wp\/v2\/posts"}],"about":[{"href":"https:\/\/www.egemtv.com\/index.php?rest_route=\/wp\/v2\/types\/post"}],"author":[{"embeddable":true,"href":"https:\/\/www.egemtv.com\/index.php?rest_route=\/wp\/v2\/users\/1"}],"replies":[{"embeddable":true,"href":"https:\/\/www.egemtv.com\/index.php?rest_route=%2Fwp%2Fv2%2Fcomments&post=31128"}],"version-history":[{"count":1,"href":"https:\/\/www.egemtv.com\/index.php?rest_route=\/wp\/v2\/posts\/31128\/revisions"}],"predecessor-version":[{"id":31130,"href":"https:\/\/www.egemtv.com\/index.php?rest_route=\/wp\/v2\/posts\/31128\/revisions\/31130"}],"wp:featuredmedia":[{"embeddable":true,"href":"https:\/\/www.egemtv.com\/index.php?rest_route=\/wp\/v2\/media\/31129"}],"wp:attachment":[{"href":"https:\/\/www.egemtv.com\/index.php?rest_route=%2Fwp%2Fv2%2Fmedia&parent=31128"}],"wp:term":[{"taxonomy":"category","embeddable":true,"href":"https:\/\/www.egemtv.com\/index.php?rest_route=%2Fwp%2Fv2%2Fcategories&post=31128"},{"taxonomy":"post_tag","embeddable":true,"href":"https:\/\/www.egemtv.com\/index.php?rest_route=%2Fwp%2Fv2%2Ftags&post=31128"}],"curies":[{"name":"wp","href":"https:\/\/api.w.org\/{rel}","templated":true}]}}