{"id":31122,"date":"2025-05-24T15:01:31","date_gmt":"2025-05-24T12:01:31","guid":{"rendered":"https:\/\/www.egemtv.com\/?p=31122"},"modified":"2025-05-24T15:01:36","modified_gmt":"2025-05-24T12:01:36","slug":"bodrumda-havalarin-isinmasiyla-vatandaslar-denize-akin-etti","status":"publish","type":"post","link":"https:\/\/www.egemtv.com\/?p=31122","title":{"rendered":"Bodrum\u2019da havalar\u0131n \u0131s\u0131nmas\u0131yla vatanda\u015flar denize ak\u0131n etti"},"content":{"rendered":"<p>Mu\u011fla\u2019n\u0131n Bodrum il\u00e7esinde hava s\u0131cakl\u0131klar\u0131n\u0131n artmas\u0131yla birlikte may\u0131s ay\u0131n\u0131n son hafta sonunda yerli ve yabanc\u0131 turistler sahillere ak\u0131n etti.<br \/>\n<br \/>Termometrelerin 30 dereceyi g\u00f6sterdi\u011fi Bodrum\u2019da, nem oran\u0131 y\u00fczde 40\u2019lara kadar \u00e7\u0131kt\u0131. Havan\u0131n \u0131s\u0131nmas\u0131yla birlikte ba\u015fta Kumbah\u00e7e, G\u00fcmbet, Bitez ve Ortakent sahilleri olmak \u00fczere il\u00e7enin bir\u00e7ok noktas\u0131nda yo\u011funluk ya\u015fand\u0131. Tatillerini Bodrum\u2019da ge\u00e7iren vatanda\u015flar, denize girerek serinledi, \u015fezlonglarda g\u00fcne\u015flendi. Plajlarda olu\u015fan kalabal\u0131k yaz sezonunu aratmad\u0131. \u00d6zellikle \u00e7ocuklu aileler deniz keyfini uzun s\u00fcre sahilde kalarak de\u011ferlendirdi. Hafta sonunu f\u0131rsat bilen Bodrumlular da sahillere ak\u0131n etti. S\u0131cak havan\u0131n etkisiyle baz\u0131 vatanda\u015flar g\u00f6lgede dinlenmeyi tercih ederken, baz\u0131lar\u0131 ise denize girerek keyifli zaman ge\u00e7irdi. Bodrum Kumbah\u00e7e sahilinde i\u015fletmesi olan Canan Topdemir sezonun a\u00e7\u0131ld\u0131\u011f\u0131n\u0131 belirterek, yaz sezonunun erken ba\u015flamas\u0131ndan memnun olduklar\u0131n\u0131 ve \u00f6n\u00fcm\u00fczdeki haftalarda yo\u011funlu\u011fun daha da artmas\u0131n\u0131 beklediklerini belirtti.<br \/><\/p>\n","protected":false},"excerpt":{"rendered":"<p>Mu\u011fla\u2019n\u0131n Bodrum il\u00e7esinde hava s\u0131cakl\u0131klar\u0131n\u0131n artmas\u0131yla birlikte may\u0131s ay\u0131n\u0131n son hafta sonunda yerli ve yabanc\u0131 turistler sahillere ak\u0131n etti. Termometrelerin 30 dereceyi g\u00f6sterdi\u011fi Bodrum\u2019da, nem oran\u0131 y\u00fczde 40\u2019lara kadar \u00e7\u0131kt\u0131. Havan\u0131n \u0131s\u0131nmas\u0131yla birlikte ba\u015fta Kumbah\u00e7e, G\u00fcmbet, Bitez ve Ortakent sahilleri olmak \u00fczere il\u00e7enin bir\u00e7ok noktas\u0131nda yo\u011funluk ya\u015fand\u0131. Tatillerini Bodrum\u2019da ge\u00e7iren vatanda\u015flar, denize girerek serinledi, \u015fezlonglarda&#8230;<\/p>\n","protected":false},"author":1,"featured_media":31123,"comment_status":"open","ping_status":"open","sticky":false,"template":"","format":"standard","meta":{"_crdt_document":"","footnotes":""},"categories":[1],"tags":[],"class_list":["post-31122","post","type-post","status-publish","format-standard","has-post-thumbnail","hentry","category-guncel"],"_links":{"self":[{"href":"https:\/\/www.egemtv.com\/index.php?rest_route=\/wp\/v2\/posts\/31122","targetHints":{"allow":["GET"]}}],"collection":[{"href":"https:\/\/www.egemtv.com\/index.php?rest_route=\/wp\/v2\/posts"}],"about":[{"href":"https:\/\/www.egemtv.com\/index.php?rest_route=\/wp\/v2\/types\/post"}],"author":[{"embeddable":true,"href":"https:\/\/www.egemtv.com\/index.php?rest_route=\/wp\/v2\/users\/1"}],"replies":[{"embeddable":true,"href":"https:\/\/www.egemtv.com\/index.php?rest_route=%2Fwp%2Fv2%2Fcomments&post=31122"}],"version-history":[{"count":1,"href":"https:\/\/www.egemtv.com\/index.php?rest_route=\/wp\/v2\/posts\/31122\/revisions"}],"predecessor-version":[{"id":31124,"href":"https:\/\/www.egemtv.com\/index.php?rest_route=\/wp\/v2\/posts\/31122\/revisions\/31124"}],"wp:featuredmedia":[{"embeddable":true,"href":"https:\/\/www.egemtv.com\/index.php?rest_route=\/wp\/v2\/media\/31123"}],"wp:attachment":[{"href":"https:\/\/www.egemtv.com\/index.php?rest_route=%2Fwp%2Fv2%2Fmedia&parent=31122"}],"wp:term":[{"taxonomy":"category","embeddable":true,"href":"https:\/\/www.egemtv.com\/index.php?rest_route=%2Fwp%2Fv2%2Fcategories&post=31122"},{"taxonomy":"post_tag","embeddable":true,"href":"https:\/\/www.egemtv.com\/index.php?rest_route=%2Fwp%2Fv2%2Ftags&post=31122"}],"curies":[{"name":"wp","href":"https:\/\/api.w.org\/{rel}","templated":true}]}}