{"id":31119,"date":"2025-05-24T15:01:26","date_gmt":"2025-05-24T12:01:26","guid":{"rendered":"https:\/\/www.egemtv.com\/?p=31119"},"modified":"2025-05-24T15:01:31","modified_gmt":"2025-05-24T12:01:31","slug":"cumhuriyetin-ilk-okul-gemisi-dunya-sahnesinde","status":"publish","type":"post","link":"https:\/\/www.egemtv.com\/?p=31119","title":{"rendered":"Cumhuriyet\u2019in ilk okul gemisi d\u00fcnya sahnesinde"},"content":{"rendered":"<p>Mu\u011fla B\u00fcy\u00fck\u015fehir Belediyesi, uluslararas\u0131 tan\u0131t\u0131m \u00e7al\u0131\u015fmalar\u0131 kapsam\u0131nda \u00f6nemli bir ad\u0131m daha att\u0131. T\u00fcrkiye\u2019nin ilk ve tek yelkenli okul gemisi STS Bodrum, Birle\u015fmi\u015f Milletler\u2019in &#8220;Ocean Wonders&#8221; (Okyanus Harikalar\u0131) filosuna d\u00e2hil edildi. STS Bodrum, Fransa\u2019n\u0131n Nice Liman\u0131\u2019nda ger\u00e7ekle\u015ftirilecek olan Birle\u015fmi\u015f Milletler Okyanus Konferans\u0131\u2019nda \u00fclkemizi temsil edecek.<br \/>\n<br \/>Mu\u011fla B\u00fcy\u00fck\u015fehir Belediyesi, denizcilik gelene\u011fine sahip \u00e7\u0131karak gen\u00e7 nesillere denizi sevdiren ve \u00fclkemizi uluslararas\u0131 platformlarda ba\u015far\u0131yla temsil edecek olan \u00f6nemli bir projeye imza att\u0131.<br \/>\n<br \/>Cumhuriyet\u2019in ilk okul gemisi t\u00f6renle u\u011furland\u0131<br \/>\n<br \/>Cumhuriyet\u2019in ilk okul gemisi olan STS Bodrum, Birle\u015fmi\u015f Milletlerin \u2018Ocean Wonders\u2019 filosuna d\u00e2hil edilerek, 2-4 Haziran 2025 tarihleri aras\u0131nda Fransa\u2019n\u0131n Nice Liman\u0131\u2019nda ger\u00e7ekle\u015ftirilecek olan Birle\u015fmi\u015f Milletler Okyanus Konferans\u0131\u2019nda \u00fclkemizi temsil edecek. STS Bodrum, 23 May\u0131s Cuma g\u00fcn\u00fc Bodrum Kalesi kar\u015f\u0131s\u0131nda d\u00fczenlenen t\u00f6renle u\u011furland\u0131.<br \/>\n<br \/>BOSAV (Bodrum A\u00e7\u0131kdeniz Yelken Kul\u00fcb\u00fc Vakf\u0131) ve The Bodrum Cup davetiyle hayata ge\u00e7irilen bu anlaml\u0131 temsil, T\u00fcrkiye\u2019yi uluslararas\u0131 denizcilik sahnesinde gururla temsil edecek.<br \/>\n<br \/>Nice\u2019ten Akdeniz\u2019e: STS Bodrum\u2019un Avrupa yolculu\u011fu ba\u015fl\u0131yor<br \/>\n<br \/>Birle\u015fmi\u015f Milletler konferans\u0131 kapsam\u0131nda Ocean Wonders Filosuna dahil edilen STS Bodrum, Nice Liman\u0131\u2019nda BOSAV ve The Bodrum Cup sunumlar\u0131na ev sahipli\u011fi yapacak. Temsil g\u00f6revinin ard\u0131ndan, gemi Korsika ve \u0130talya limanlar\u0131n\u0131 kapsayan yakla\u015f\u0131k bir ay s\u00fcrecek bir rotay\u0131 tamamlayarak Bodrum\u2019a d\u00f6necek.<br \/>\n<br \/>STS Bodrum\u2019un gelece\u011fi i\u00e7in k\u00fcresel ortakl\u0131klar hedefleniyor<br \/>\n<br \/>Proje ile; STS Bodrum\u2019un bak\u0131m-onar\u0131m \u00e7al\u0131\u015fmalar\u0131n\u0131n ileri d\u00fczeyde s\u00fcrd\u00fcr\u00fclebilmesi i\u00e7in uluslararas\u0131 proje partnerleriyle i\u015f birli\u011fi kurulmas\u0131 ve bu kapsamda, geminin tan\u0131t\u0131m\u0131 ile s\u00fcrd\u00fcr\u00fclebilirli\u011fi ad\u0131na k\u00fcresel \u00f6l\u00e7ekte yeni ad\u0131mlar at\u0131lmas\u0131 hedefleniyor. Proje, Mu\u011fla B\u00fcy\u00fck\u015fehir Belediyesi ve BOSAV i\u015f birli\u011fiyle organize edilirken, Bodrum Belediyesi, Bodrum Denizciler Derne\u011fi ve The Bodrum Cup taraf\u0131ndan da destekleniyor.<br \/>\n<br \/>Cumhuriyet\u2019in denizcilik miras\u0131: STS Bodrum<br \/>\n<br \/>Cumhuriyet tarihinin ilk okul gemisi olan STS Bodrum, 2001 y\u0131l\u0131nda BOSAV \u00f6nc\u00fcl\u00fc\u011f\u00fcnde ve Bodrum halk\u0131n\u0131n katk\u0131lar\u0131yla in\u015fa edildi. 36 metre uzunlu\u011fa, 7 metre geni\u015fli\u011fe ve 450 metrekarelik yelken alan\u0131na sahip olan STS Bodrum, deneyimli denizci Y\u00fccel K\u00f6ya\u011fas\u0131o\u011flu taraf\u0131ndan tasarland\u0131 ve bug\u00fcne kadar bir\u00e7ok gence sistemli ve uygulamal\u0131 denizcilik e\u011fitimi sundu.<br \/>\n<br \/>Ah\u015fap yat yap\u0131m gelene\u011fini ya\u015fatan yap\u0131m s\u00fcreciyle de dikkat \u00e7eken STS Bodrum, gitti\u011fi her limanda hem mimarisi hem de ta\u015f\u0131d\u0131\u011f\u0131 k\u00fclt\u00fcrel ve e\u011fitsel de\u011ferlerle yo\u011fun ilgi g\u00f6r\u00fcyor.<br \/>\n<br \/>K\u0131y\u0131 Ege Belediyeler Birli\u011fi ve Mu\u011fla B\u00fcy\u00fck\u015fehir Belediye Ba\u015fkan\u0131 Ahmet Aras, &#8220;Cumhuriyetimizin denizcilik vizyonunu temsil eden ve \u00fclkemizin ilk yelkenli okul gemisi olan STS Bodrum\u2019un Birle\u015fmi\u015f Milletler Ocean Wonders Filosuna d\u00e2hil edilmesinden b\u00fcy\u00fck bir gurur duyuyorum. STS Bodrum\u2019un Fransa\u2019n\u0131n Nice kentinde d\u00fczenlenecek Birle\u015fmi\u015f Milletler Okyanus Konferans\u0131\u2019nda T\u00fcrkiye\u2019yi temsil edecek olmas\u0131, sadece ilimiz ve \u00fclkemiz i\u00e7in de\u011fil, ayn\u0131 zamanda denizcilik k\u00fclt\u00fcr\u00fcm\u00fcz\u00fcn gelece\u011fi a\u00e7\u0131s\u0131ndan da son derece anlaml\u0131d\u0131r. STS Bodrum, sadece bir gemi de\u011fil; bu topraklar\u0131n, denizin ve halk\u0131n eme\u011fiyle in\u015fa edilmi\u015f, gen\u00e7 nesillere ilham veren bir e\u011fitim ve k\u00fclt\u00fcr projesidir. Bu yolculuk, ge\u00e7mi\u015ften gelen de\u011ferlerimizi gelece\u011fe ta\u015f\u0131rken, uluslararas\u0131 i\u015f birlikleriyle daha g\u00fc\u00e7l\u00fc, daha s\u00fcrd\u00fcr\u00fclebilir bir yap\u0131ya ula\u015fmam\u0131za da imkan sa\u011flayacak. STS Bodrum\u2019un bu yolculu\u011fu, ayn\u0131 zamanda iklim de\u011fi\u015fikli\u011fi, denizlerin korunmas\u0131 ve mavi ekonomiye ge\u00e7i\u015f gibi k\u00fcresel meselelerde sesimizin daha \u00e7ok duyulmas\u0131na katk\u0131 sunacak. Ayr\u0131ca, bu s\u00fcrece katk\u0131lar\u0131ndan dolay\u0131 Fransa Mu\u011fla Fahri Konsolosu Say\u0131n Fidel Berber\u2019e i\u00e7ten te\u015fekk\u00fcrlerimi sunuyorum. Mu\u011fla B\u00fcy\u00fck\u015fehir Belediyesi olarak, denizle i\u00e7 i\u00e7e ya\u015fayan bir kent olman\u0131n sorumlulu\u011fuyla hareket ediyor; gen\u00e7lerin denizcilik e\u011fitimi almas\u0131n\u0131, do\u011faya duyarl\u0131 bireyler olarak yeti\u015fmesini \u00f6nemsiyoruz&#8221; dedi.<br \/><\/p>\n","protected":false},"excerpt":{"rendered":"<p>Mu\u011fla B\u00fcy\u00fck\u015fehir Belediyesi, uluslararas\u0131 tan\u0131t\u0131m \u00e7al\u0131\u015fmalar\u0131 kapsam\u0131nda \u00f6nemli bir ad\u0131m daha att\u0131. T\u00fcrkiye\u2019nin ilk ve tek yelkenli okul gemisi STS Bodrum, Birle\u015fmi\u015f Milletler\u2019in &#8220;Ocean Wonders&#8221; (Okyanus Harikalar\u0131) filosuna d\u00e2hil edildi. STS Bodrum, Fransa\u2019n\u0131n Nice Liman\u0131\u2019nda ger\u00e7ekle\u015ftirilecek olan Birle\u015fmi\u015f Milletler Okyanus Konferans\u0131\u2019nda \u00fclkemizi temsil edecek. Mu\u011fla B\u00fcy\u00fck\u015fehir Belediyesi, denizcilik gelene\u011fine sahip \u00e7\u0131karak gen\u00e7 nesillere denizi sevdiren&#8230;<\/p>\n","protected":false},"author":1,"featured_media":31120,"comment_status":"open","ping_status":"open","sticky":false,"template":"","format":"standard","meta":{"_crdt_document":"","footnotes":""},"categories":[1],"tags":[],"class_list":["post-31119","post","type-post","status-publish","format-standard","has-post-thumbnail","hentry","category-guncel"],"_links":{"self":[{"href":"https:\/\/www.egemtv.com\/index.php?rest_route=\/wp\/v2\/posts\/31119","targetHints":{"allow":["GET"]}}],"collection":[{"href":"https:\/\/www.egemtv.com\/index.php?rest_route=\/wp\/v2\/posts"}],"about":[{"href":"https:\/\/www.egemtv.com\/index.php?rest_route=\/wp\/v2\/types\/post"}],"author":[{"embeddable":true,"href":"https:\/\/www.egemtv.com\/index.php?rest_route=\/wp\/v2\/users\/1"}],"replies":[{"embeddable":true,"href":"https:\/\/www.egemtv.com\/index.php?rest_route=%2Fwp%2Fv2%2Fcomments&post=31119"}],"version-history":[{"count":1,"href":"https:\/\/www.egemtv.com\/index.php?rest_route=\/wp\/v2\/posts\/31119\/revisions"}],"predecessor-version":[{"id":31121,"href":"https:\/\/www.egemtv.com\/index.php?rest_route=\/wp\/v2\/posts\/31119\/revisions\/31121"}],"wp:featuredmedia":[{"embeddable":true,"href":"https:\/\/www.egemtv.com\/index.php?rest_route=\/wp\/v2\/media\/31120"}],"wp:attachment":[{"href":"https:\/\/www.egemtv.com\/index.php?rest_route=%2Fwp%2Fv2%2Fmedia&parent=31119"}],"wp:term":[{"taxonomy":"category","embeddable":true,"href":"https:\/\/www.egemtv.com\/index.php?rest_route=%2Fwp%2Fv2%2Fcategories&post=31119"},{"taxonomy":"post_tag","embeddable":true,"href":"https:\/\/www.egemtv.com\/index.php?rest_route=%2Fwp%2Fv2%2Ftags&post=31119"}],"curies":[{"name":"wp","href":"https:\/\/api.w.org\/{rel}","templated":true}]}}