{"id":31116,"date":"2025-05-24T15:01:20","date_gmt":"2025-05-24T12:01:20","guid":{"rendered":"https:\/\/www.egemtv.com\/?p=31116"},"modified":"2025-05-24T15:01:25","modified_gmt":"2025-05-24T12:01:25","slug":"turgutreis-yolu-yenilendi","status":"publish","type":"post","link":"https:\/\/www.egemtv.com\/?p=31116","title":{"rendered":"Turgutreis yolu yenilendi"},"content":{"rendered":"<p>Mu\u011fla B\u00fcy\u00fck\u015fehir Belediyesi, Bodrum\u2019un Turgutreis Mahallesi\u2019nde yer alan Gazi Mustafa Kemal Bulvar\u0131\u2019nda ba\u015flatt\u0131\u011f\u0131 yol yap\u0131m \u00e7al\u0131\u015fmalar\u0131n\u0131 k\u0131sa s\u00fcrede tamamlayarak trafi\u011fe a\u00e7t\u0131.<br \/>\n<br \/>Mu\u011fla B\u00fcy\u00fck\u015fehir Belediyesi taraf\u0131ndan y\u00fcr\u00fct\u00fclen \u00e7al\u0131\u015fmalar kapsam\u0131nda, 2 bin 900 metrelik g\u00fczerg\u00e2h modernize edilerek 34 milyon TL\u2019lik yat\u0131r\u0131mla b\u00f6lgeye konforlu ve \u00e7a\u011fda\u015f bir ula\u015f\u0131m altyap\u0131s\u0131 kazand\u0131r\u0131ld\u0131. Bisiklet ve y\u00fcr\u00fcy\u00fc\u015f yolu i\u00e7in bayramdan sonra \u00e7al\u0131\u015fmalar devam edecek.<br \/>\n<br \/>2025 y\u0131l\u0131 boyunca yol yat\u0131r\u0131mlar\u0131 devam edecek<br \/>\n<br \/>Yolun tamamlanmas\u0131yla birlikte Turgutreis Mahallesi i\u00e7i trafik ak\u0131\u015f\u0131 \u00f6nemli \u00f6l\u00e7\u00fcde rahatlad\u0131, \u00f6zellikle yaz aylar\u0131nda artan ara\u00e7 yo\u011funlu\u011funa kar\u015f\u0131 etkili bir \u00e7\u00f6z\u00fcm hayata ge\u00e7irilmi\u015f oldu. Vatanda\u015flar\u0131n g\u00fcvenli ve konforlu ula\u015f\u0131m\u0131 i\u00e7in \u00e7al\u0131\u015fmalar\u0131n\u0131 s\u00fcrd\u00fcren B\u00fcy\u00fck\u015fehir Belediyesi, b\u00f6lgedeki altyap\u0131 ve \u00fcstyap\u0131 \u00e7al\u0131\u015fmalar\u0131na 2025 y\u0131l\u0131 boyunca da devam edecek.<br \/>\n<br \/>Son 1 y\u0131lda 216 bin metre yol \u00e7al\u0131\u015fmas\u0131 yap\u0131ld\u0131<br \/>\n<br \/>B\u00fcy\u00fck\u015fehir Belediyesi Mu\u011fla genelinde bug\u00fcne kadar s\u0131cak asfalt, birinci ve ikinci kat sathi kaplama, parke \u00e7al\u0131\u015fmas\u0131 olmak \u00fczere 3 bin 404 km yol \u00e7al\u0131\u015fmas\u0131 yapt\u0131. B\u00fcy\u00fck\u015fehir, 2024 y\u0131l\u0131 i\u00e7erisinde kent genelinde 216 bin metreyi bulan yol imalat\u0131 ger\u00e7ekle\u015ftirerek ula\u015f\u0131m altyap\u0131s\u0131na \u00f6nemli katk\u0131lar sundu.<br \/>\n<br \/>B\u00fcy\u00fck\u015fehir Belediyesi, 2025 y\u0131l\u0131nda bu yat\u0131r\u0131mlar\u0131 daha da b\u00fcy\u00fcterek yeni yol yap\u0131m, bak\u0131m ve asfaltlama \u00e7al\u0131\u015fmalar\u0131na h\u0131z kesmeden devam ediyor.<br \/>\n<br \/>K\u0131y\u0131 Ege Belediyeler Birli\u011fi ve Mu\u011fla B\u00fcy\u00fck\u015fehir Belediye Ba\u015fkan\u0131 Ahmet Aras, Bodrum gibi yaz aylar\u0131nda n\u00fcfusun katland\u0131\u011f\u0131 turizm merkezlerinde, g\u00fcvenli ve s\u00fcrd\u00fcr\u00fclebilir ula\u015f\u0131m altyap\u0131s\u0131 olu\u015fturmak zorunda olduklar\u0131n\u0131, ula\u015f\u0131m yat\u0131r\u0131mlar\u0131n\u0131 yaln\u0131zca bir yol yap\u0131m \u00e7al\u0131\u015fmas\u0131 olarak de\u011fil, bir kentle\u015fme vizyonunun par\u00e7as\u0131 olarak g\u00f6rd\u00fcklerini a\u00e7\u0131klad\u0131.<br \/><\/p>\n","protected":false},"excerpt":{"rendered":"<p>Mu\u011fla B\u00fcy\u00fck\u015fehir Belediyesi, Bodrum\u2019un Turgutreis Mahallesi\u2019nde yer alan Gazi Mustafa Kemal Bulvar\u0131\u2019nda ba\u015flatt\u0131\u011f\u0131 yol yap\u0131m \u00e7al\u0131\u015fmalar\u0131n\u0131 k\u0131sa s\u00fcrede tamamlayarak trafi\u011fe a\u00e7t\u0131. Mu\u011fla B\u00fcy\u00fck\u015fehir Belediyesi taraf\u0131ndan y\u00fcr\u00fct\u00fclen \u00e7al\u0131\u015fmalar kapsam\u0131nda, 2 bin 900 metrelik g\u00fczerg\u00e2h modernize edilerek 34 milyon TL\u2019lik yat\u0131r\u0131mla b\u00f6lgeye konforlu ve \u00e7a\u011fda\u015f bir ula\u015f\u0131m altyap\u0131s\u0131 kazand\u0131r\u0131ld\u0131. Bisiklet ve y\u00fcr\u00fcy\u00fc\u015f yolu i\u00e7in bayramdan sonra \u00e7al\u0131\u015fmalar&#8230;<\/p>\n","protected":false},"author":1,"featured_media":31117,"comment_status":"open","ping_status":"open","sticky":false,"template":"","format":"standard","meta":{"_crdt_document":"","footnotes":""},"categories":[1],"tags":[],"class_list":["post-31116","post","type-post","status-publish","format-standard","has-post-thumbnail","hentry","category-guncel"],"_links":{"self":[{"href":"https:\/\/www.egemtv.com\/index.php?rest_route=\/wp\/v2\/posts\/31116","targetHints":{"allow":["GET"]}}],"collection":[{"href":"https:\/\/www.egemtv.com\/index.php?rest_route=\/wp\/v2\/posts"}],"about":[{"href":"https:\/\/www.egemtv.com\/index.php?rest_route=\/wp\/v2\/types\/post"}],"author":[{"embeddable":true,"href":"https:\/\/www.egemtv.com\/index.php?rest_route=\/wp\/v2\/users\/1"}],"replies":[{"embeddable":true,"href":"https:\/\/www.egemtv.com\/index.php?rest_route=%2Fwp%2Fv2%2Fcomments&post=31116"}],"version-history":[{"count":1,"href":"https:\/\/www.egemtv.com\/index.php?rest_route=\/wp\/v2\/posts\/31116\/revisions"}],"predecessor-version":[{"id":31118,"href":"https:\/\/www.egemtv.com\/index.php?rest_route=\/wp\/v2\/posts\/31116\/revisions\/31118"}],"wp:featuredmedia":[{"embeddable":true,"href":"https:\/\/www.egemtv.com\/index.php?rest_route=\/wp\/v2\/media\/31117"}],"wp:attachment":[{"href":"https:\/\/www.egemtv.com\/index.php?rest_route=%2Fwp%2Fv2%2Fmedia&parent=31116"}],"wp:term":[{"taxonomy":"category","embeddable":true,"href":"https:\/\/www.egemtv.com\/index.php?rest_route=%2Fwp%2Fv2%2Fcategories&post=31116"},{"taxonomy":"post_tag","embeddable":true,"href":"https:\/\/www.egemtv.com\/index.php?rest_route=%2Fwp%2Fv2%2Ftags&post=31116"}],"curies":[{"name":"wp","href":"https:\/\/api.w.org\/{rel}","templated":true}]}}