{"id":31110,"date":"2025-05-24T14:36:46","date_gmt":"2025-05-24T11:36:46","guid":{"rendered":"https:\/\/www.egemtv.com\/?p=31110"},"modified":"2025-05-24T14:36:51","modified_gmt":"2025-05-24T11:36:51","slug":"duzensiz-gocmenler-otoyol-jandarmasina-takildi","status":"publish","type":"post","link":"https:\/\/www.egemtv.com\/?p=31110","title":{"rendered":"D\u00fczensiz g\u00f6\u00e7menler otoyol jandarmas\u0131na tak\u0131ld\u0131"},"content":{"rendered":"<p>Ayd\u0131n \u0130zmir Otoyolu\u2019nda devriye esnas\u0131nda durdurulan ara\u00e7 i\u00e7erisindeki 12 d\u00fczensiz g\u00f6\u00e7men ve 1 organizat\u00f6r jandarma ekiplerince yakaland\u0131.<br \/>\n<br \/>Ayd\u0131n \u0130l Jandarma Komutanl\u0131\u011f\u0131 koordinesinde d\u00fczensiz g\u00f6\u00e7 ile m\u00fccadele konusunda y\u00fcr\u00fct\u00fclen \u00e7al\u0131\u015fmalar s\u00fcr\u00fcyor. Edinilen bilgiye g\u00f6re H\u0131d\u0131rbeyli Otoyol Jandarma Karakol Komutanl\u0131\u011f\u0131nca \u0130zmir-Ayd\u0131n Yolunun Germencik Gi\u015feleri mevkiinde seyir halinde icra edilen devriye esnas\u0131nda bir ara\u00e7 i\u00e7erisinde 12 d\u00fczensiz g\u00f6\u00e7men 1 organizat\u00f6r yakaland\u0131. Yakalanan d\u00fczensiz g\u00f6\u00e7menler, i\u015flemlerinin ard\u0131ndan D\u00fczensiz G\u00f6\u00e7men \u00d6n Kabul ve Sevk Merkezi\u2019ne (G\u00d6KSEM) teslim edildi. G\u00f6zalt\u0131na al\u0131nan organizat\u00f6r \u00d6.\u00d6. isimli \u015f\u00fcpheli \u015fah\u0131s hakk\u0131nda da adli s\u00fcre\u00e7 ba\u015flat\u0131ld\u0131.<br \/><\/p>\n","protected":false},"excerpt":{"rendered":"<p>Ayd\u0131n \u0130zmir Otoyolu\u2019nda devriye esnas\u0131nda durdurulan ara\u00e7 i\u00e7erisindeki 12 d\u00fczensiz g\u00f6\u00e7men ve 1 organizat\u00f6r jandarma ekiplerince yakaland\u0131. Ayd\u0131n \u0130l Jandarma Komutanl\u0131\u011f\u0131 koordinesinde d\u00fczensiz g\u00f6\u00e7 ile m\u00fccadele konusunda y\u00fcr\u00fct\u00fclen \u00e7al\u0131\u015fmalar s\u00fcr\u00fcyor. Edinilen bilgiye g\u00f6re H\u0131d\u0131rbeyli Otoyol Jandarma Karakol Komutanl\u0131\u011f\u0131nca \u0130zmir-Ayd\u0131n Yolunun Germencik Gi\u015feleri mevkiinde seyir halinde icra edilen devriye esnas\u0131nda bir ara\u00e7 i\u00e7erisinde 12 d\u00fczensiz g\u00f6\u00e7men&#8230;<\/p>\n","protected":false},"author":1,"featured_media":31111,"comment_status":"open","ping_status":"open","sticky":false,"template":"","format":"standard","meta":{"_crdt_document":"","footnotes":""},"categories":[5],"tags":[],"class_list":["post-31110","post","type-post","status-publish","format-standard","has-post-thumbnail","hentry","category-asayis"],"_links":{"self":[{"href":"https:\/\/www.egemtv.com\/index.php?rest_route=\/wp\/v2\/posts\/31110","targetHints":{"allow":["GET"]}}],"collection":[{"href":"https:\/\/www.egemtv.com\/index.php?rest_route=\/wp\/v2\/posts"}],"about":[{"href":"https:\/\/www.egemtv.com\/index.php?rest_route=\/wp\/v2\/types\/post"}],"author":[{"embeddable":true,"href":"https:\/\/www.egemtv.com\/index.php?rest_route=\/wp\/v2\/users\/1"}],"replies":[{"embeddable":true,"href":"https:\/\/www.egemtv.com\/index.php?rest_route=%2Fwp%2Fv2%2Fcomments&post=31110"}],"version-history":[{"count":1,"href":"https:\/\/www.egemtv.com\/index.php?rest_route=\/wp\/v2\/posts\/31110\/revisions"}],"predecessor-version":[{"id":31112,"href":"https:\/\/www.egemtv.com\/index.php?rest_route=\/wp\/v2\/posts\/31110\/revisions\/31112"}],"wp:featuredmedia":[{"embeddable":true,"href":"https:\/\/www.egemtv.com\/index.php?rest_route=\/wp\/v2\/media\/31111"}],"wp:attachment":[{"href":"https:\/\/www.egemtv.com\/index.php?rest_route=%2Fwp%2Fv2%2Fmedia&parent=31110"}],"wp:term":[{"taxonomy":"category","embeddable":true,"href":"https:\/\/www.egemtv.com\/index.php?rest_route=%2Fwp%2Fv2%2Fcategories&post=31110"},{"taxonomy":"post_tag","embeddable":true,"href":"https:\/\/www.egemtv.com\/index.php?rest_route=%2Fwp%2Fv2%2Ftags&post=31110"}],"curies":[{"name":"wp","href":"https:\/\/api.w.org\/{rel}","templated":true}]}}