{"id":31107,"date":"2025-05-24T14:36:38","date_gmt":"2025-05-24T11:36:38","guid":{"rendered":"https:\/\/www.egemtv.com\/?p=31107"},"modified":"2025-05-24T14:36:46","modified_gmt":"2025-05-24T11:36:46","slug":"buyuksehir-sporcusu-uc-sampiyonada-da-zirveyi-birakmadi","status":"publish","type":"post","link":"https:\/\/www.egemtv.com\/?p=31107","title":{"rendered":"B\u00fcy\u00fck\u015fehir sporcusu, \u00fc\u00e7 \u015fampiyonada da zirveyi b\u0131rakmad\u0131"},"content":{"rendered":"<p>Mu\u011fla B\u00fcy\u00fck\u015fehir Belediyesi Spor Kul\u00fcb\u00fc sporcular\u0131 ba\u015far\u0131lar\u0131yla gururland\u0131rmaya devam ediyor. Mu\u011fla B\u00fcy\u00fck\u015fehir Belediyesi Spor Kul\u00fcb\u00fc Atletizm bran\u015f sporcusu Kerem Batur, farkl\u0131 tarihlerde d\u00fczenlenen Modern Pentatlon T\u00fcrkiye \u015eampiyonas\u0131 ve Ulusal S\u0131ralama-Geli\u015fim Yar\u0131\u015f\u0131nda T\u00fcrkiye \u015eampiyonu oldu.<br \/>\n<br \/>\u00dc\u00e7 ayr\u0131 T\u00fcrkiye \u015fampiyonas\u0131nda ba\u015far\u0131ya imza att\u0131<br \/>\n<br \/>Mu\u011fla B\u00fcy\u00fck\u015fehir Belediyesi Spor Kul\u00fcb\u00fc sporcusu Batur, 09 \u015eubat 2025 tarihinde Ankara\u2019da d\u00fczenlenen Modern Pentatlon T\u00fcrkiye \u015eampiyonas\u0131 ve Ulusal S\u0131ralama Yar\u0131\u015f\u0131nda 3\u2019l\u00fc kombinasyon olan y\u00fczme, at\u0131\u015f ve ko\u015fu etaplar\u0131n\u0131 en iyi dereceyle tamamlayarak T\u00fcrkiye \u015eampiyonu oldu.<br \/>\n<br \/>Modern pentatlonda elde etti\u011fi ba\u015far\u0131larla ad\u0131ndan s\u00f6z ettiren Batur, \u015fampiyonluk serisini s\u00fcrd\u00fcr\u00fcyor. Gen\u00e7 sporcu, 03-06 Nisan 2025 tarihleri aras\u0131nda Ankara\u2019da d\u00fczenlenen Modern Pentatlon T\u00fcrkiye \u015eampiyonas\u0131, Ulusal S\u0131ralama ve Geli\u015fim Yar\u0131\u015f\u0131nda U13 kategorisinde bir kez daha T\u00fcrkiye \u015fampiyonu oldu. Bu ba\u015far\u0131s\u0131n\u0131 bir ay i\u00e7inde bir kez daha tekrarlayan Batur,     03-04 May\u0131s 2025 tarihlerinde Bursa\u2019da ger\u00e7ekle\u015ftirilen Modern Pentatlon T\u00fcrkiye \u015eampiyonas\u0131 ve Ulusal S\u0131ralama-Geli\u015fim Yar\u0131\u015f\u0131nda da U13 kategorisinde t\u00fcm rakiplerini geride b\u0131rakarak \u00fc\u00e7\u00fcnc\u00fc kez T\u00fcrkiye \u015eampiyonu unvan\u0131n\u0131 kazand\u0131.<br \/>\n<br \/>Ba\u015fkan Aras: &#8220;Spora ve sporcuya deste\u011fimizi s\u00fcrd\u00fcrece\u011fiz&#8221;<br \/>\n<br \/>K\u0131y\u0131 Ege Belediyeler Birli\u011fi ve Mu\u011fla B\u00fcy\u00fck\u015fehir Belediye Ba\u015fkan\u0131 Ahmet Aras, &#8220;Gen\u00e7 sporcumuz Kerem Batur\u2019un T\u00fcrkiye \u00e7ap\u0131nda elde etti\u011fi bu b\u00fcy\u00fck ba\u015far\u0131 bizleri gururland\u0131. Modern Pentatlon gibi disiplinli ve \u00e7ok y\u00f6nl\u00fc bir bran\u015fta \u00fcst \u00fcste \u00fc\u00e7 kez T\u00fcrkiye \u015eampiyonu olmak, b\u00fcy\u00fck bir azim, kararl\u0131l\u0131k ve disiplin gerektirir. Kerem\u2019in bu ba\u015far\u0131s\u0131, Mu\u011flam\u0131z\u0131n sporda geldi\u011fi noktay\u0131 ve gen\u00e7lerimize sa\u011flad\u0131\u011f\u0131m\u0131z altyap\u0131 deste\u011finin meyvelerini vermeye ba\u015flad\u0131\u011f\u0131n\u0131 a\u00e7\u0131k\u00e7a g\u00f6stermektedir. B\u00fcy\u00fck\u015fehir Belediyesi olarak gen\u00e7lerimizin sadece bug\u00fcn\u00fc de\u011fil, yar\u0131n\u0131 da kazanmalar\u0131 i\u00e7in \u00e7al\u0131\u015f\u0131yoruz. Sporcumuz Kerem Batur\u2019u ve antren\u00f6r\u00fcm\u00fcz Can K\u00fc\u00e7\u00fckbilgili\u2019yi y\u00fcrekten tebrik ediyor, ba\u015far\u0131lar\u0131n\u0131n devam\u0131n\u0131 diliyorum. Mu\u011fla B\u00fcy\u00fck\u015fehir Belediyesi olarak spora ve sporcuya deste\u011fimizi s\u00fcrd\u00fcrece\u011fiz&#8221; dedi.<br \/><\/p>\n","protected":false},"excerpt":{"rendered":"<p>Mu\u011fla B\u00fcy\u00fck\u015fehir Belediyesi Spor Kul\u00fcb\u00fc sporcular\u0131 ba\u015far\u0131lar\u0131yla gururland\u0131rmaya devam ediyor. Mu\u011fla B\u00fcy\u00fck\u015fehir Belediyesi Spor Kul\u00fcb\u00fc Atletizm bran\u015f sporcusu Kerem Batur, farkl\u0131 tarihlerde d\u00fczenlenen Modern Pentatlon T\u00fcrkiye \u015eampiyonas\u0131 ve Ulusal S\u0131ralama-Geli\u015fim Yar\u0131\u015f\u0131nda T\u00fcrkiye \u015eampiyonu oldu. \u00dc\u00e7 ayr\u0131 T\u00fcrkiye \u015fampiyonas\u0131nda ba\u015far\u0131ya imza att\u0131 Mu\u011fla B\u00fcy\u00fck\u015fehir Belediyesi Spor Kul\u00fcb\u00fc sporcusu Batur, 09 \u015eubat 2025 tarihinde Ankara\u2019da d\u00fczenlenen Modern&#8230;<\/p>\n","protected":false},"author":1,"featured_media":31108,"comment_status":"open","ping_status":"open","sticky":false,"template":"","format":"standard","meta":{"_crdt_document":"","footnotes":""},"categories":[4],"tags":[],"class_list":["post-31107","post","type-post","status-publish","format-standard","has-post-thumbnail","hentry","category-spor"],"_links":{"self":[{"href":"https:\/\/www.egemtv.com\/index.php?rest_route=\/wp\/v2\/posts\/31107","targetHints":{"allow":["GET"]}}],"collection":[{"href":"https:\/\/www.egemtv.com\/index.php?rest_route=\/wp\/v2\/posts"}],"about":[{"href":"https:\/\/www.egemtv.com\/index.php?rest_route=\/wp\/v2\/types\/post"}],"author":[{"embeddable":true,"href":"https:\/\/www.egemtv.com\/index.php?rest_route=\/wp\/v2\/users\/1"}],"replies":[{"embeddable":true,"href":"https:\/\/www.egemtv.com\/index.php?rest_route=%2Fwp%2Fv2%2Fcomments&post=31107"}],"version-history":[{"count":1,"href":"https:\/\/www.egemtv.com\/index.php?rest_route=\/wp\/v2\/posts\/31107\/revisions"}],"predecessor-version":[{"id":31109,"href":"https:\/\/www.egemtv.com\/index.php?rest_route=\/wp\/v2\/posts\/31107\/revisions\/31109"}],"wp:featuredmedia":[{"embeddable":true,"href":"https:\/\/www.egemtv.com\/index.php?rest_route=\/wp\/v2\/media\/31108"}],"wp:attachment":[{"href":"https:\/\/www.egemtv.com\/index.php?rest_route=%2Fwp%2Fv2%2Fmedia&parent=31107"}],"wp:term":[{"taxonomy":"category","embeddable":true,"href":"https:\/\/www.egemtv.com\/index.php?rest_route=%2Fwp%2Fv2%2Fcategories&post=31107"},{"taxonomy":"post_tag","embeddable":true,"href":"https:\/\/www.egemtv.com\/index.php?rest_route=%2Fwp%2Fv2%2Ftags&post=31107"}],"curies":[{"name":"wp","href":"https:\/\/api.w.org\/{rel}","templated":true}]}}