{"id":31101,"date":"2025-05-24T14:16:42","date_gmt":"2025-05-24T11:16:42","guid":{"rendered":"https:\/\/www.egemtv.com\/?p=31101"},"modified":"2025-05-24T14:16:46","modified_gmt":"2025-05-24T11:16:46","slug":"aydinda-bir-ayda-195-aranan-sahis-jandarmadan-kacamadi","status":"publish","type":"post","link":"https:\/\/www.egemtv.com\/?p=31101","title":{"rendered":"Ayd\u0131n\u2019da bir ayda 195 aranan \u015fah\u0131s jandarmadan ka\u00e7amad\u0131"},"content":{"rendered":"<p>Ayd\u0131n genelinde jandarma ekiplerince yap\u0131lan \u00e7al\u0131\u015fmalarda son bir ayda \u00e7e\u015fitli su\u00e7lardan aranan 195 aranan \u015fah\u0131s yakaland\u0131.<br \/>\n<br \/>Ayd\u0131n \u0130l Jandarma Komutanl\u0131\u011f\u0131 taraf\u0131ndan Ayd\u0131n genelinde 28 Nisan-23 May\u0131s 2025 tarihleri aras\u0131nda aranan \u015fah\u0131slara y\u00f6nelik operasyonlar ger\u00e7ekle\u015ftirildi. Yap\u0131lan \u00e7al\u0131\u015fmalar kapsam\u0131nda yakla\u015f\u0131k bir ayda \u00e7e\u015fitli su\u00e7lardan aranan toplam 195 \u015fah\u0131s yakaland\u0131. Yakalanan \u015fah\u0131slardan 150\u2019sinin 0-5 y\u0131la kadar hapis cezas\u0131 ile arand\u0131\u011f\u0131, 33\u2019\u00fcn\u00fcn 5-10 y\u0131la kadar hapis cezas\u0131 ile arand\u0131\u011f\u0131, 7\u2019sinin 10-20 y\u0131la kadar hapis cezas\u0131 ile arand\u0131\u011f\u0131, 5\u2019inin 20 y\u0131l \u00fczeri hapis cezas\u0131 ile arand\u0131\u011f\u0131 tespit edildi. Ayd\u0131n \u0130l Jandarma Komutanl\u0131\u011f\u0131\u2019ndan yap\u0131lan a\u00e7\u0131klamada &#8220;Ayd\u0131n\u2019\u0131n huzur ve g\u00fcvenli\u011fi i\u00e7in su\u00e7lular\u0131 adalete teslim etmeye aral\u0131ks\u0131z devam ediyoruz&#8221; ifadeleri yer ald\u0131.<br \/><\/p>\n","protected":false},"excerpt":{"rendered":"<p>Ayd\u0131n genelinde jandarma ekiplerince yap\u0131lan \u00e7al\u0131\u015fmalarda son bir ayda \u00e7e\u015fitli su\u00e7lardan aranan 195 aranan \u015fah\u0131s yakaland\u0131. Ayd\u0131n \u0130l Jandarma Komutanl\u0131\u011f\u0131 taraf\u0131ndan Ayd\u0131n genelinde 28 Nisan-23 May\u0131s 2025 tarihleri aras\u0131nda aranan \u015fah\u0131slara y\u00f6nelik operasyonlar ger\u00e7ekle\u015ftirildi. Yap\u0131lan \u00e7al\u0131\u015fmalar kapsam\u0131nda yakla\u015f\u0131k bir ayda \u00e7e\u015fitli su\u00e7lardan aranan toplam 195 \u015fah\u0131s yakaland\u0131. Yakalanan \u015fah\u0131slardan 150\u2019sinin 0-5 y\u0131la kadar hapis cezas\u0131&#8230;<\/p>\n","protected":false},"author":1,"featured_media":31102,"comment_status":"open","ping_status":"open","sticky":false,"template":"","format":"standard","meta":{"_crdt_document":"","footnotes":""},"categories":[5],"tags":[],"class_list":["post-31101","post","type-post","status-publish","format-standard","has-post-thumbnail","hentry","category-asayis"],"_links":{"self":[{"href":"https:\/\/www.egemtv.com\/index.php?rest_route=\/wp\/v2\/posts\/31101","targetHints":{"allow":["GET"]}}],"collection":[{"href":"https:\/\/www.egemtv.com\/index.php?rest_route=\/wp\/v2\/posts"}],"about":[{"href":"https:\/\/www.egemtv.com\/index.php?rest_route=\/wp\/v2\/types\/post"}],"author":[{"embeddable":true,"href":"https:\/\/www.egemtv.com\/index.php?rest_route=\/wp\/v2\/users\/1"}],"replies":[{"embeddable":true,"href":"https:\/\/www.egemtv.com\/index.php?rest_route=%2Fwp%2Fv2%2Fcomments&post=31101"}],"version-history":[{"count":1,"href":"https:\/\/www.egemtv.com\/index.php?rest_route=\/wp\/v2\/posts\/31101\/revisions"}],"predecessor-version":[{"id":31103,"href":"https:\/\/www.egemtv.com\/index.php?rest_route=\/wp\/v2\/posts\/31101\/revisions\/31103"}],"wp:featuredmedia":[{"embeddable":true,"href":"https:\/\/www.egemtv.com\/index.php?rest_route=\/wp\/v2\/media\/31102"}],"wp:attachment":[{"href":"https:\/\/www.egemtv.com\/index.php?rest_route=%2Fwp%2Fv2%2Fmedia&parent=31101"}],"wp:term":[{"taxonomy":"category","embeddable":true,"href":"https:\/\/www.egemtv.com\/index.php?rest_route=%2Fwp%2Fv2%2Fcategories&post=31101"},{"taxonomy":"post_tag","embeddable":true,"href":"https:\/\/www.egemtv.com\/index.php?rest_route=%2Fwp%2Fv2%2Ftags&post=31101"}],"curies":[{"name":"wp","href":"https:\/\/api.w.org\/{rel}","templated":true}]}}