{"id":31098,"date":"2025-05-24T13:56:46","date_gmt":"2025-05-24T10:56:46","guid":{"rendered":"https:\/\/www.egemtv.com\/?p=31098"},"modified":"2025-05-24T13:56:51","modified_gmt":"2025-05-24T10:56:51","slug":"manisada-sentetik-ecza-operasyonu","status":"publish","type":"post","link":"https:\/\/www.egemtv.com\/?p=31098","title":{"rendered":"Manisa\u2019da sentetik ecza operasyonu"},"content":{"rendered":"<p>Manisa\u2019n\u0131n \u015eehzadeler il\u00e7esinde jandarma ekipleri, iki \u015fahsa ait ikamet ve ara\u00e7larda yapt\u0131klar\u0131 aramada 4 bin 648 adet sentetik ecza hap\u0131 ele ge\u00e7irdi.<br \/>\n<br \/>Manisa \u0130l Jandarma Komutanl\u0131\u011f\u0131 ve \u015eehzadeler \u0130l\u00e7e Jandarma Komutanl\u0131\u011f\u0131 ekiplerince yap\u0131lan istihbari \u00e7al\u0131\u015fmalar neticesinde K.G. ve E.G. isimli \u015fah\u0131slar\u0131n ikametinde ve ara\u00e7lar\u0131nda yap\u0131lan aramada 4 bin 648 adet sentetik ecza hap\u0131 ele ge\u00e7irildi. \u015e\u00fcpheli \u015fah\u0131slar Cumhuriyet Savc\u0131l\u0131\u011f\u0131n\u0131n talimat\u0131 do\u011frultusunda g\u00f6zalt\u0131na al\u0131narak haklar\u0131nda adli i\u015flemlere ba\u015fland\u0131\u011f\u0131 bildirildi.<br \/><\/p>\n","protected":false},"excerpt":{"rendered":"<p>Manisa\u2019n\u0131n \u015eehzadeler il\u00e7esinde jandarma ekipleri, iki \u015fahsa ait ikamet ve ara\u00e7larda yapt\u0131klar\u0131 aramada 4 bin 648 adet sentetik ecza hap\u0131 ele ge\u00e7irdi. Manisa \u0130l Jandarma Komutanl\u0131\u011f\u0131 ve \u015eehzadeler \u0130l\u00e7e Jandarma Komutanl\u0131\u011f\u0131 ekiplerince yap\u0131lan istihbari \u00e7al\u0131\u015fmalar neticesinde K.G. ve E.G. isimli \u015fah\u0131slar\u0131n ikametinde ve ara\u00e7lar\u0131nda yap\u0131lan aramada 4 bin 648 adet sentetik ecza hap\u0131 ele ge\u00e7irildi&#8230;.<\/p>\n","protected":false},"author":1,"featured_media":31099,"comment_status":"open","ping_status":"open","sticky":false,"template":"","format":"standard","meta":{"_crdt_document":"","footnotes":""},"categories":[5],"tags":[],"class_list":["post-31098","post","type-post","status-publish","format-standard","has-post-thumbnail","hentry","category-asayis"],"_links":{"self":[{"href":"https:\/\/www.egemtv.com\/index.php?rest_route=\/wp\/v2\/posts\/31098","targetHints":{"allow":["GET"]}}],"collection":[{"href":"https:\/\/www.egemtv.com\/index.php?rest_route=\/wp\/v2\/posts"}],"about":[{"href":"https:\/\/www.egemtv.com\/index.php?rest_route=\/wp\/v2\/types\/post"}],"author":[{"embeddable":true,"href":"https:\/\/www.egemtv.com\/index.php?rest_route=\/wp\/v2\/users\/1"}],"replies":[{"embeddable":true,"href":"https:\/\/www.egemtv.com\/index.php?rest_route=%2Fwp%2Fv2%2Fcomments&post=31098"}],"version-history":[{"count":1,"href":"https:\/\/www.egemtv.com\/index.php?rest_route=\/wp\/v2\/posts\/31098\/revisions"}],"predecessor-version":[{"id":31100,"href":"https:\/\/www.egemtv.com\/index.php?rest_route=\/wp\/v2\/posts\/31098\/revisions\/31100"}],"wp:featuredmedia":[{"embeddable":true,"href":"https:\/\/www.egemtv.com\/index.php?rest_route=\/wp\/v2\/media\/31099"}],"wp:attachment":[{"href":"https:\/\/www.egemtv.com\/index.php?rest_route=%2Fwp%2Fv2%2Fmedia&parent=31098"}],"wp:term":[{"taxonomy":"category","embeddable":true,"href":"https:\/\/www.egemtv.com\/index.php?rest_route=%2Fwp%2Fv2%2Fcategories&post=31098"},{"taxonomy":"post_tag","embeddable":true,"href":"https:\/\/www.egemtv.com\/index.php?rest_route=%2Fwp%2Fv2%2Ftags&post=31098"}],"curies":[{"name":"wp","href":"https:\/\/api.w.org\/{rel}","templated":true}]}}