{"id":31095,"date":"2025-05-24T13:36:57","date_gmt":"2025-05-24T10:36:57","guid":{"rendered":"https:\/\/www.egemtv.com\/?p=31095"},"modified":"2025-05-24T13:37:02","modified_gmt":"2025-05-24T10:37:02","slug":"jandarma-liseli-gencleri-bilgilendirdi","status":"publish","type":"post","link":"https:\/\/www.egemtv.com\/?p=31095","title":{"rendered":"Jandarma liseli gen\u00e7leri bilgilendirdi"},"content":{"rendered":"<p>Ayd\u0131n\u2019\u0131n \u0130ncirliova il\u00e7esinde lise \u00f6\u011frencileri ile bir araya gelen jandarma ekipleri, su\u00e7tan korunma ba\u015fta olmak \u00fczere ki\u015fisel g\u00fcvenlik ve akran zorbal\u0131\u011f\u0131 konular\u0131nda e\u011fitim verdi.<br \/>\n<br \/>Ayd\u0131n \u0130l Jandarma Komutanl\u0131\u011f\u0131 Aile \u0130\u00e7i \u015eiddetle M\u00fccadele ve \u00c7ocuk K\u0131s\u0131m Amirli\u011fi ekipleri, bilgilendirme \u00e7al\u0131\u015fmalar\u0131na aral\u0131ks\u0131z devam ediyor\u00e7 Bu kapsamda ekipler, \u0130ncirliova Cumhuriyet Anadolu Lisesi\u2019nde \u00f6\u011frencilerle bir araya geldi. Ger\u00e7ekle\u015ftirilen etkinlikte \u00f6\u011frencilere \u2019Su\u00e7tan Korunma, Ki\u015fisel G\u00fcvenlik, Akran Zorbal\u0131\u011f\u0131 ve Erken Ya\u015fta ve Zorla Evlilik\u2019 konular\u0131nda bilgilendirme yap\u0131ld\u0131. Etkinlik sonunda \u00f6\u011frencilerin sorular\u0131n\u0131 da yan\u0131tlayan ekipler, ayr\u0131ca k\u0131z \u00f6\u011frencilere kad\u0131na \u015fiddetle m\u00fccadele konusunda \u00f6nemli rol oynayan KADES uygulamas\u0131n\u0131 da tan\u0131tarak, cep telefonlar\u0131na y\u00fcklenmesi sa\u011fland\u0131.<br \/><\/p>\n","protected":false},"excerpt":{"rendered":"<p>Ayd\u0131n\u2019\u0131n \u0130ncirliova il\u00e7esinde lise \u00f6\u011frencileri ile bir araya gelen jandarma ekipleri, su\u00e7tan korunma ba\u015fta olmak \u00fczere ki\u015fisel g\u00fcvenlik ve akran zorbal\u0131\u011f\u0131 konular\u0131nda e\u011fitim verdi. Ayd\u0131n \u0130l Jandarma Komutanl\u0131\u011f\u0131 Aile \u0130\u00e7i \u015eiddetle M\u00fccadele ve \u00c7ocuk K\u0131s\u0131m Amirli\u011fi ekipleri, bilgilendirme \u00e7al\u0131\u015fmalar\u0131na aral\u0131ks\u0131z devam ediyor\u00e7 Bu kapsamda ekipler, \u0130ncirliova Cumhuriyet Anadolu Lisesi\u2019nde \u00f6\u011frencilerle bir araya geldi. Ger\u00e7ekle\u015ftirilen etkinlikte&#8230;<\/p>\n","protected":false},"author":1,"featured_media":31096,"comment_status":"open","ping_status":"open","sticky":false,"template":"","format":"standard","meta":{"_crdt_document":"","footnotes":""},"categories":[1],"tags":[],"class_list":["post-31095","post","type-post","status-publish","format-standard","has-post-thumbnail","hentry","category-guncel"],"_links":{"self":[{"href":"https:\/\/www.egemtv.com\/index.php?rest_route=\/wp\/v2\/posts\/31095","targetHints":{"allow":["GET"]}}],"collection":[{"href":"https:\/\/www.egemtv.com\/index.php?rest_route=\/wp\/v2\/posts"}],"about":[{"href":"https:\/\/www.egemtv.com\/index.php?rest_route=\/wp\/v2\/types\/post"}],"author":[{"embeddable":true,"href":"https:\/\/www.egemtv.com\/index.php?rest_route=\/wp\/v2\/users\/1"}],"replies":[{"embeddable":true,"href":"https:\/\/www.egemtv.com\/index.php?rest_route=%2Fwp%2Fv2%2Fcomments&post=31095"}],"version-history":[{"count":1,"href":"https:\/\/www.egemtv.com\/index.php?rest_route=\/wp\/v2\/posts\/31095\/revisions"}],"predecessor-version":[{"id":31097,"href":"https:\/\/www.egemtv.com\/index.php?rest_route=\/wp\/v2\/posts\/31095\/revisions\/31097"}],"wp:featuredmedia":[{"embeddable":true,"href":"https:\/\/www.egemtv.com\/index.php?rest_route=\/wp\/v2\/media\/31096"}],"wp:attachment":[{"href":"https:\/\/www.egemtv.com\/index.php?rest_route=%2Fwp%2Fv2%2Fmedia&parent=31095"}],"wp:term":[{"taxonomy":"category","embeddable":true,"href":"https:\/\/www.egemtv.com\/index.php?rest_route=%2Fwp%2Fv2%2Fcategories&post=31095"},{"taxonomy":"post_tag","embeddable":true,"href":"https:\/\/www.egemtv.com\/index.php?rest_route=%2Fwp%2Fv2%2Ftags&post=31095"}],"curies":[{"name":"wp","href":"https:\/\/api.w.org\/{rel}","templated":true}]}}