{"id":31092,"date":"2025-05-24T13:36:53","date_gmt":"2025-05-24T10:36:53","guid":{"rendered":"https:\/\/www.egemtv.com\/?p=31092"},"modified":"2025-05-24T13:36:57","modified_gmt":"2025-05-24T10:36:57","slug":"minikler-farkli-spor-branslarini-kesfediyor","status":"publish","type":"post","link":"https:\/\/www.egemtv.com\/?p=31092","title":{"rendered":"Minikler farkl\u0131 spor bran\u015flar\u0131n\u0131 ke\u015ffediyor"},"content":{"rendered":"<p>Ayd\u0131n Gen\u00e7lik ve Spor \u0130l M\u00fcd\u00fcrl\u00fc\u011f\u00fc koordinesinde il genelinde y\u00fcr\u00fct\u00fclen GSB Spor Okullar\u0131 kapsam\u0131nda antrenmanlar\u0131na devam eden minikler farkl\u0131 spor bran\u015flar\u0131n\u0131 ke\u015ffediyor.<br \/>\n<br \/>Gen\u00e7lik ve Spor Bakanl\u0131\u011f\u0131 taraf\u0131ndan her y\u0131l 81 ilde d\u00fczenlenen GSB Spor Okullar\u0131 ve GSB Engelsiz Spor Okullar\u0131 faaliyetlerini h\u0131z kesmeden s\u00fcrd\u00fcr\u00fcyor. Ayd\u0131n\u2019da da 32 farkl\u0131 bran\u015fta verilen e\u011fitimler uzman antren\u00f6rler e\u015fli\u011finde ger\u00e7ekle\u015ftirilirken, Ayd\u0131n\u2019\u0131n 17 il\u00e7esinde spor yapmak isteyen 5-18 ya\u015f aras\u0131 t\u00fcm gen\u00e7 ve \u00e7ocuklara spor sevdirildi. Bu kapsamda 2024 y\u0131l\u0131 i\u00e7erisinde GSB Spor Okullar\u0131\u2019nda 8 bin 417 ve GSB Engelsiz Spor Okullar\u0131\u2019nda ise 334 \u00e7ocuk ve gen\u00e7 spora y\u00f6nlendirilirken, 2025 y\u0131l\u0131nda da antrenmanlar aral\u0131ks\u0131z s\u00fcr\u00fcyor. Bu kapsamda \u00e7al\u0131\u015fmalar\u0131n\u0131 s\u00fcrd\u00fcren minikler hem farkl\u0131 spor bran\u015flar\u0131n\u0131 ke\u015ffediyor hem de e\u011fnerek \u00f6\u011freniyor.<br \/>\n<br \/>Ayd\u0131n Gen\u00e7lik ve Spor \u0130l M\u00fcd\u00fcrl\u00fc\u011f\u00fc\u2019nden konu ile ilgili yap\u0131lan a\u00e7\u0131kalamda &#8220;GSB Spor Okullar\u0131 kapsam\u0131nda d\u00fczenlenen antrenmanlarla miniklerimiz, farkl\u0131 spor bran\u015flar\u0131n\u0131 ke\u015ffederek hem e\u011fleniyor hem de \u00f6\u011freniyor&#8221; ifadeleri yer ald\u0131.<br \/><\/p>\n","protected":false},"excerpt":{"rendered":"<p>Ayd\u0131n Gen\u00e7lik ve Spor \u0130l M\u00fcd\u00fcrl\u00fc\u011f\u00fc koordinesinde il genelinde y\u00fcr\u00fct\u00fclen GSB Spor Okullar\u0131 kapsam\u0131nda antrenmanlar\u0131na devam eden minikler farkl\u0131 spor bran\u015flar\u0131n\u0131 ke\u015ffediyor. Gen\u00e7lik ve Spor Bakanl\u0131\u011f\u0131 taraf\u0131ndan her y\u0131l 81 ilde d\u00fczenlenen GSB Spor Okullar\u0131 ve GSB Engelsiz Spor Okullar\u0131 faaliyetlerini h\u0131z kesmeden s\u00fcrd\u00fcr\u00fcyor. Ayd\u0131n\u2019da da 32 farkl\u0131 bran\u015fta verilen e\u011fitimler uzman antren\u00f6rler e\u015fli\u011finde ger\u00e7ekle\u015ftirilirken,&#8230;<\/p>\n","protected":false},"author":1,"featured_media":31093,"comment_status":"open","ping_status":"open","sticky":false,"template":"","format":"standard","meta":{"_crdt_document":"","footnotes":""},"categories":[4],"tags":[],"class_list":["post-31092","post","type-post","status-publish","format-standard","has-post-thumbnail","hentry","category-spor"],"_links":{"self":[{"href":"https:\/\/www.egemtv.com\/index.php?rest_route=\/wp\/v2\/posts\/31092","targetHints":{"allow":["GET"]}}],"collection":[{"href":"https:\/\/www.egemtv.com\/index.php?rest_route=\/wp\/v2\/posts"}],"about":[{"href":"https:\/\/www.egemtv.com\/index.php?rest_route=\/wp\/v2\/types\/post"}],"author":[{"embeddable":true,"href":"https:\/\/www.egemtv.com\/index.php?rest_route=\/wp\/v2\/users\/1"}],"replies":[{"embeddable":true,"href":"https:\/\/www.egemtv.com\/index.php?rest_route=%2Fwp%2Fv2%2Fcomments&post=31092"}],"version-history":[{"count":1,"href":"https:\/\/www.egemtv.com\/index.php?rest_route=\/wp\/v2\/posts\/31092\/revisions"}],"predecessor-version":[{"id":31094,"href":"https:\/\/www.egemtv.com\/index.php?rest_route=\/wp\/v2\/posts\/31092\/revisions\/31094"}],"wp:featuredmedia":[{"embeddable":true,"href":"https:\/\/www.egemtv.com\/index.php?rest_route=\/wp\/v2\/media\/31093"}],"wp:attachment":[{"href":"https:\/\/www.egemtv.com\/index.php?rest_route=%2Fwp%2Fv2%2Fmedia&parent=31092"}],"wp:term":[{"taxonomy":"category","embeddable":true,"href":"https:\/\/www.egemtv.com\/index.php?rest_route=%2Fwp%2Fv2%2Fcategories&post=31092"},{"taxonomy":"post_tag","embeddable":true,"href":"https:\/\/www.egemtv.com\/index.php?rest_route=%2Fwp%2Fv2%2Ftags&post=31092"}],"curies":[{"name":"wp","href":"https:\/\/api.w.org\/{rel}","templated":true}]}}