{"id":31089,"date":"2025-05-24T13:16:17","date_gmt":"2025-05-24T10:16:17","guid":{"rendered":"https:\/\/www.egemtv.com\/?p=31089"},"modified":"2025-05-24T13:16:21","modified_gmt":"2025-05-24T10:16:21","slug":"efeler-yolu-ultra-trailde-start-verildi","status":"publish","type":"post","link":"https:\/\/www.egemtv.com\/?p=31089","title":{"rendered":"Efeler Yolu Ultra Trail\u2019de start verildi"},"content":{"rendered":"<p>\u0130zmir\u2019in e\u015fsiz manzaras\u0131 e\u015fli\u011finde ko\u015fmak isteyenler Efeler Yolu Ultra Trail\u2019de bir araya geldi.<br \/>\n<br \/>Ola\u011fan\u00fcst\u00fc do\u011fal ve tarihi zenginlikleri bar\u0131nd\u0131ran yollar boyunca d\u00fczenlenen Efeler Yolu Ultra Trail\u2019in ilk g\u00fcn\u00fcnde 80K, 50K ve 30K\u2019l\u0131k parkurlarda start verildi. Birbirinden g\u00fczel parkur se\u00e7enekleri ile kat\u0131l\u0131mc\u0131lara unutamayacaklar\u0131 bir yar\u0131\u015f deneyimi sunan Efeler Yolu Ultra Trail, her seviyeden sporcuya ev sahipli\u011fi yap\u0131yor. Ko\u015fu tutkunlar\u0131n\u0131n vazge\u00e7emeyece\u011fi adresler aras\u0131nda yer alacak Efeler Yolu Ultra Trail, \u0130zmir Valili\u011fi koordinasyonunda, Argeus Travel &amp; Events taraf\u0131ndan; Atletizm Federasyonu ve M1G Arama Kurtarma destekleri, PT Academy ve Z\u00fcber sponsorlu\u011funda d\u00fczenleniyor. Do\u011fal, tarihi, k\u00fclt\u00fcrel ve arkeolojik bir\u00e7ok zenginli\u011fi i\u00e7inde bar\u0131nd\u0131ran Efeler Yolu Ultra Trail\u2019de 80K\u2019l\u0131k parkurda sporcular, 3 bin 600 metrenin \u00fczerinde, 50K\u2019da 2 bin 700 metrenin \u00fczerinde, 30K\u2019l\u0131k parkurda bin 300 metrenin \u00fczerinde t\u0131rman\u0131\u015f\u0131n ard\u0131ndan ba\u015flama noktas\u0131 olan Birgi\u2019de fini\u015fi g\u00f6recekler.<\/p>\n<p>6 \u00fclkeden sporcular yer ald\u0131<br \/>\n<br \/>Bu sene ilk kez d\u00fczenlenen Efeler Yolu Ultra Trail\u2019e T\u00fcrkiye\u2019nin yan\u0131 s\u0131ra Rusya, Kazakistan, Ukrayna, Azerbaycan ve Fransa\u2019dan sporcular kat\u0131ld\u0131. Organizasyonun 80K\u2019l\u0131k parkurunda 22, 50K\u2019l\u0131k parkurunda 32 ve 30K\u2019l\u0131k parkurunda 62 sporcu yer ald\u0131.<\/p>\n<p>Vali Elban start verdi<br \/>\n<br \/>Organizasyonda yar\u0131\u015fmac\u0131lar 80K\u2019l\u0131k parkurun start\u0131n\u0131 saat 04.00\u2019te al\u0131rken, 50K\u2019l\u0131k parkurun start\u0131 ise saat 07.00\u2019de \u0130zmir Valisi Dr. S\u00fcleyman Elban taraf\u0131ndan verildi. \u0130zmir Valisi Dr. S\u00fcleyman Elban, etkinlikle ilgili yapt\u0131\u011f\u0131 a\u00e7\u0131klamada, &#8220;Milli m\u00fccadelenin ilk verildi\u011fi yerlerin ba\u015f\u0131nda buras\u0131 geliyor. Efeler\u2019in m\u00fccadele verdi\u011fi bu topraklar, Efeler Yolu rotas\u0131 olarak belirlendi. Efeler Yolu\u2019nun tan\u0131t\u0131m\u0131n\u0131 hem sporculara hem de turistlere yapabilmek i\u00e7in ilk kez Efeler Yolu Ultra Trail\u2019i d\u00fczenliyoruz. Sabah 04.00\u2019te 80K kazas\u0131z belas\u0131z ba\u015flad\u0131 ve devam ediyor. Saat 07.00\u2019de 50K\u2019l\u0131k ko\u015funun start\u0131n\u0131 verdik. Sonras\u0131nda 30K, yar\u0131n ise 15K ve 5K\u2019n\u0131n start\u0131n\u0131 verece\u011fiz. \u00d6d\u00fcl t\u00f6reni ile de sonland\u0131raca\u011f\u0131z. Ultra traildeki esas ama\u00e7lar\u0131m\u0131zdan birisi buran\u0131n t\u00fcm ilgililer taraf\u0131ndan daha \u00e7ok tan\u0131nmas\u0131. Efeler Yolu\u2019nun \u00f6zellikle \u00f6n plana \u00e7\u0131kmas\u0131 ile ilgili bir \u00e7al\u0131\u015fma. Buran\u0131n zorluk derecesi ITRA4, e\u011fer 6K daha eklersek ITRA5 olacak. Dolay\u0131s\u0131yla \u00fclkemizin en zor parkurlar\u0131ndan birisi olacak ama sporcular\u0131n \u00e7ok sevdi\u011fi bir parkur. Zannediyorum seneye kat\u0131l\u0131mc\u0131lar 2 binleri bulacak. Do\u011fas\u0131 ve m\u00fccadelesiyle tercih edilecek bir rota olaca\u011f\u0131n\u0131 d\u00fc\u015f\u00fcn\u00fcyoruz&#8221; ifadelerini kulland\u0131.<\/p>\n<p>&#8220;K\u0131rsal kalk\u0131nmaya katk\u0131s\u0131 olacak&#8221;<br \/>\n<br \/>\u00d6zellikle k\u0131rsal kalk\u0131nmaya \u00e7ok ciddi anlamda katk\u0131s\u0131 olaca\u011f\u0131n\u0131 ifade eden Vali Elban, &#8220;Efeler Yolu\u2019ndaki t\u00fcm k\u00f6ylerde yeme, i\u00e7me, konaklama, hediyelik e\u015fya, do\u011fal \u00fcr\u00fcn sat\u0131\u015flar\u0131 gibi ekonomik anlamda bir\u00e7ok canlanman\u0131n olmas\u0131n\u0131 bekliyoruz. Mevcut k\u0131rsal n\u00fcfusun azalmas\u0131n\u0131n yerine k\u00f6ylere, k\u0131rsala d\u00f6n\u00fc\u015f\u00fc de bekliyoruz. \u015eu anda k\u00f6ylerde i\u015fletmeler a\u00e7\u0131lmaya ba\u015flad\u0131&#8221; dedi.<br \/>\n<br \/>S\u00fcleyman Elban, daha sonra organizasyonu takip eden bas\u0131n mensuplar\u0131yla Efeler Yolu\u2019nda bir araya geldi. Yakla\u015f\u0131k 5 kilometrelik parkurda bas\u0131n mensuplar\u0131yla y\u00fcr\u00fcyen Vali Elban, 80K, 50K ve 30K\u2019l\u0131k parkurda m\u00fccadele eden sporcularla kar\u015f\u0131la\u015ft\u0131. Sporculara ba\u015far\u0131 dileyen Elban, t\u00fcm sporcular\u0131n sa\u011fl\u0131kl\u0131 bir \u015fekilde fini\u015fi g\u00f6rmeleri temennisinde bulundu.<\/p>\n<p>15K ve 5K\u2019l\u0131k parkurlar yar\u0131n ko\u015fulacak<br \/>\n<br \/>Efeler Yolu Ultra Trail\u2019de yar\u0131n ise 15K ve 5K\u2019l\u0131k parkurlar ko\u015fulacak. 15K\u2019l\u0131k parkurda 62, 5K\u2019l\u0131k parkurda ise 78 sporcu yer alacak.<br \/><\/p>\n","protected":false},"excerpt":{"rendered":"<p>\u0130zmir\u2019in e\u015fsiz manzaras\u0131 e\u015fli\u011finde ko\u015fmak isteyenler Efeler Yolu Ultra Trail\u2019de bir araya geldi. Ola\u011fan\u00fcst\u00fc do\u011fal ve tarihi zenginlikleri bar\u0131nd\u0131ran yollar boyunca d\u00fczenlenen Efeler Yolu Ultra Trail\u2019in ilk g\u00fcn\u00fcnde 80K, 50K ve 30K\u2019l\u0131k parkurlarda start verildi. Birbirinden g\u00fczel parkur se\u00e7enekleri ile kat\u0131l\u0131mc\u0131lara unutamayacaklar\u0131 bir yar\u0131\u015f deneyimi sunan Efeler Yolu Ultra Trail, her seviyeden sporcuya ev sahipli\u011fi&#8230;<\/p>\n","protected":false},"author":1,"featured_media":31090,"comment_status":"open","ping_status":"open","sticky":false,"template":"","format":"standard","meta":{"_crdt_document":"","footnotes":""},"categories":[4],"tags":[],"class_list":["post-31089","post","type-post","status-publish","format-standard","has-post-thumbnail","hentry","category-spor"],"_links":{"self":[{"href":"https:\/\/www.egemtv.com\/index.php?rest_route=\/wp\/v2\/posts\/31089","targetHints":{"allow":["GET"]}}],"collection":[{"href":"https:\/\/www.egemtv.com\/index.php?rest_route=\/wp\/v2\/posts"}],"about":[{"href":"https:\/\/www.egemtv.com\/index.php?rest_route=\/wp\/v2\/types\/post"}],"author":[{"embeddable":true,"href":"https:\/\/www.egemtv.com\/index.php?rest_route=\/wp\/v2\/users\/1"}],"replies":[{"embeddable":true,"href":"https:\/\/www.egemtv.com\/index.php?rest_route=%2Fwp%2Fv2%2Fcomments&post=31089"}],"version-history":[{"count":1,"href":"https:\/\/www.egemtv.com\/index.php?rest_route=\/wp\/v2\/posts\/31089\/revisions"}],"predecessor-version":[{"id":31091,"href":"https:\/\/www.egemtv.com\/index.php?rest_route=\/wp\/v2\/posts\/31089\/revisions\/31091"}],"wp:featuredmedia":[{"embeddable":true,"href":"https:\/\/www.egemtv.com\/index.php?rest_route=\/wp\/v2\/media\/31090"}],"wp:attachment":[{"href":"https:\/\/www.egemtv.com\/index.php?rest_route=%2Fwp%2Fv2%2Fmedia&parent=31089"}],"wp:term":[{"taxonomy":"category","embeddable":true,"href":"https:\/\/www.egemtv.com\/index.php?rest_route=%2Fwp%2Fv2%2Fcategories&post=31089"},{"taxonomy":"post_tag","embeddable":true,"href":"https:\/\/www.egemtv.com\/index.php?rest_route=%2Fwp%2Fv2%2Ftags&post=31089"}],"curies":[{"name":"wp","href":"https:\/\/api.w.org\/{rel}","templated":true}]}}