{"id":31086,"date":"2025-05-24T13:16:10","date_gmt":"2025-05-24T10:16:10","guid":{"rendered":"https:\/\/www.egemtv.com\/?p=31086"},"modified":"2025-05-24T13:16:16","modified_gmt":"2025-05-24T10:16:16","slug":"haklarinda-kesinlesmis-hapis-cezasi-bulan-2-kisi-yakalandi","status":"publish","type":"post","link":"https:\/\/www.egemtv.com\/?p=31086","title":{"rendered":"Haklar\u0131nda kesinle\u015fmi\u015f hapis cezas\u0131 bulan 2 ki\u015fi yakaland\u0131"},"content":{"rendered":"<p>\u0130zmir\u2019in Buca il\u00e7esinde G\u00fcven Timleri polisi taraf\u0131ndan yap\u0131lan operasyonlarda, haklar\u0131nda kesinle\u015fmi\u015f hapis cezas\u0131 bulunan 2 ki\u015fi k\u0131sk\u0131vrak yakaland\u0131.<br \/>\n<br \/>\u0130zmir Asayi\u015f \u015eube M\u00fcd\u00fcrl\u00fc\u011f\u00fcne ba\u011fl\u0131 G\u00fcven Timleri B\u00fcro Amirli\u011fi ekipleri d\u00fcn Buca il\u00e7esinde yapt\u0131klar\u0131 \u00e7al\u0131\u015fmada, haklar\u0131nda kesinle\u015fmi\u015f hapis cezas\u0131 bulanan 2 ki\u015finin sakland\u0131\u011f\u0131n\u0131 belirledi. M\u00fcstehcen yay\u0131nlar\u0131n \u00fcretiminde \u00e7ocuklar\u0131 kullanmak su\u00e7undan 9 Y\u0131l kesinle\u015fmi\u015f hapis cezas\u0131yla aranan T.D. ile birden fazla ki\u015fi taraf\u0131ndan silahla ya\u011fma su\u00e7undan 20 y\u0131l 5 ay 7 g\u00fcn hapis cezas\u0131 alan E.G. polis ekipleri taraf\u0131ndan adreslerine yap\u0131lan operasyonla k\u0131sk\u0131vrak yakaland\u0131. G\u00f6zalt\u0131na al\u0131narak emniyete g\u00f6t\u00fcr\u00fclen \u015fah\u0131slar, i\u015flemlerinin ard\u0131ndan cezaevine teslim edildi.<br \/><\/p>\n","protected":false},"excerpt":{"rendered":"<p>\u0130zmir\u2019in Buca il\u00e7esinde G\u00fcven Timleri polisi taraf\u0131ndan yap\u0131lan operasyonlarda, haklar\u0131nda kesinle\u015fmi\u015f hapis cezas\u0131 bulunan 2 ki\u015fi k\u0131sk\u0131vrak yakaland\u0131. \u0130zmir Asayi\u015f \u015eube M\u00fcd\u00fcrl\u00fc\u011f\u00fcne ba\u011fl\u0131 G\u00fcven Timleri B\u00fcro Amirli\u011fi ekipleri d\u00fcn Buca il\u00e7esinde yapt\u0131klar\u0131 \u00e7al\u0131\u015fmada, haklar\u0131nda kesinle\u015fmi\u015f hapis cezas\u0131 bulanan 2 ki\u015finin sakland\u0131\u011f\u0131n\u0131 belirledi. M\u00fcstehcen yay\u0131nlar\u0131n \u00fcretiminde \u00e7ocuklar\u0131 kullanmak su\u00e7undan 9 Y\u0131l kesinle\u015fmi\u015f hapis cezas\u0131yla aranan T.D&#8230;.<\/p>\n","protected":false},"author":1,"featured_media":31087,"comment_status":"open","ping_status":"open","sticky":false,"template":"","format":"standard","meta":{"_crdt_document":"","footnotes":""},"categories":[5],"tags":[],"class_list":["post-31086","post","type-post","status-publish","format-standard","has-post-thumbnail","hentry","category-asayis"],"_links":{"self":[{"href":"https:\/\/www.egemtv.com\/index.php?rest_route=\/wp\/v2\/posts\/31086","targetHints":{"allow":["GET"]}}],"collection":[{"href":"https:\/\/www.egemtv.com\/index.php?rest_route=\/wp\/v2\/posts"}],"about":[{"href":"https:\/\/www.egemtv.com\/index.php?rest_route=\/wp\/v2\/types\/post"}],"author":[{"embeddable":true,"href":"https:\/\/www.egemtv.com\/index.php?rest_route=\/wp\/v2\/users\/1"}],"replies":[{"embeddable":true,"href":"https:\/\/www.egemtv.com\/index.php?rest_route=%2Fwp%2Fv2%2Fcomments&post=31086"}],"version-history":[{"count":1,"href":"https:\/\/www.egemtv.com\/index.php?rest_route=\/wp\/v2\/posts\/31086\/revisions"}],"predecessor-version":[{"id":31088,"href":"https:\/\/www.egemtv.com\/index.php?rest_route=\/wp\/v2\/posts\/31086\/revisions\/31088"}],"wp:featuredmedia":[{"embeddable":true,"href":"https:\/\/www.egemtv.com\/index.php?rest_route=\/wp\/v2\/media\/31087"}],"wp:attachment":[{"href":"https:\/\/www.egemtv.com\/index.php?rest_route=%2Fwp%2Fv2%2Fmedia&parent=31086"}],"wp:term":[{"taxonomy":"category","embeddable":true,"href":"https:\/\/www.egemtv.com\/index.php?rest_route=%2Fwp%2Fv2%2Fcategories&post=31086"},{"taxonomy":"post_tag","embeddable":true,"href":"https:\/\/www.egemtv.com\/index.php?rest_route=%2Fwp%2Fv2%2Ftags&post=31086"}],"curies":[{"name":"wp","href":"https:\/\/api.w.org\/{rel}","templated":true}]}}