{"id":31083,"date":"2025-05-24T12:58:31","date_gmt":"2025-05-24T09:58:31","guid":{"rendered":"https:\/\/www.egemtv.com\/?p=31083"},"modified":"2025-05-24T12:58:36","modified_gmt":"2025-05-24T09:58:36","slug":"minik-yureklerden-buyuk-proje","status":"publish","type":"post","link":"https:\/\/www.egemtv.com\/?p=31083","title":{"rendered":"Minik y\u00fcreklerden b\u00fcy\u00fck proje"},"content":{"rendered":"<p>Ayd\u0131n\u2019\u0131n Ku\u015fadas\u0131 il\u00e7esinde ilkokul \u00f6\u011frencileri, g\u0131da israf\u0131na dikkat \u00e7ekmek i\u00e7in ba\u015flatt\u0131klar\u0131 &#8220;\u0130sraf Sava\u015f\u00e7\u0131lar\u0131&#8221; projesini ba\u015far\u0131yla tamamlad\u0131. \u00d6\u011frenciler artan yiyeceklerle haz\u0131rlanabilecek tariflerin yer ald\u0131\u011f\u0131 40 adet yemek dergisini haz\u0131rlay\u0131p satarak elde ettikleri gelirle yakla\u015f\u0131k 400 ekmek ald\u0131. Sat\u0131n al\u0131nan ekmekler il\u00e7edeki ihtiya\u00e7 sahiplerine ula\u015ft\u0131r\u0131ld\u0131.<\/p>\n<p>\u0130ki hafta \u00f6nce ba\u015flayan projede \u00f6\u011frenciler Tuana S\u00fcrgen, Pars Ata T\u00fcrker, Emir Cang\u00fcl, Ela Ko\u00e7, Sude Nur \u00d6zturan ve Mert Hanc\u0131o\u011flu g\u00f6rev ald\u0131. Artan pilav ve yo\u011furttan \u00e7orba, bayat ekmekten pizza ve puding gibi tariflerin yer ald\u0131\u011f\u0131 dergi hem i\u00e7erikleriyle dikkat \u00e7ekti hem de toplumsal fayda sa\u011flad\u0131. Velilere sat\u0131lan bu dergilerden elde edilen gelir ile al\u0131nan yakla\u015f\u0131k 400 ekme\u011fi \u00f6\u011frenciler, haz\u0131rlad\u0131klar\u0131 israfa dikkat \u00e7eken bro\u015f\u00fcrleri ile birlikte kendiler da\u011f\u0131tt\u0131. Okul sonras\u0131 bir araya gelen \u00f6\u011frenciler ve s\u0131n\u0131f \u00f6\u011fretmenleri Melis Kolay, ekmekleri da\u011f\u0131t\u0131rlarken hayata ge\u00e7irdikleri projelerinden de bahsetti.<\/p>\n<p>Projeye liderlik eden s\u0131n\u0131f \u00f6\u011fretmeni Melis Kolay, \u00f6\u011frencilerinin 4. S\u0131n\u0131f\u0131 bitirme projesi olarak b\u00f6yle anlaml\u0131 bir konuyu se\u00e7mesinden dolay\u0131 gurur duydu\u011funu belirtti. Kolay, &#8220;\u00d6\u011frencilerimle b\u00fcy\u00fck bir heyecanla y\u00fcr\u00fctt\u00fc\u011f\u00fcm\u00fcz bu projeyi ba\u015far\u0131yla tamamlad\u0131k. Hem israfa kar\u015f\u0131 fark\u0131ndal\u0131k olu\u015fturduk hem de ihtiya\u00e7 sahiplerine destek olduk. Hepsiyle gurur duyuyorum. Bundan sonraki yollar\u0131n\u0131n da ba\u015far\u0131larla dolu olmas\u0131n\u0131 diliyorum&#8221; dedi.<\/p>\n<p>Projeye kat\u0131lan \u00f6\u011frenciler ise yard\u0131mla\u015fman\u0131n verdi\u011fi mutlulu\u011fu ve topluma katk\u0131 sa\u011flama hissini ya\u015faman\u0131n kendilerini \u00e7ok etkiledi\u011fini s\u00f6yledi. &#8220;Hem israf\u0131 \u00f6nleyerek d\u00fcnyaya hem de bu yolla katk\u0131 sa\u011flayarak insanlara yard\u0131m edebilmek \u00e7ok g\u00fczel bir duygu&#8221; diyen \u00f6\u011frenciler, bu t\u00fcr projelere hayatlar\u0131n\u0131n her alan\u0131nda devam etmek istediklerini ifade etti. Ku\u015fadas\u0131\u2019nda k\u00fc\u00e7\u00fck ya\u015fta b\u00fcy\u00fck i\u015fler ba\u015faran &#8220;\u0130sraf sava\u015f\u00e7\u0131lar\u0131&#8221;, hem kalpleri \u0131s\u0131tt\u0131 hem de \u00f6rnek bir sosyal sorumluluk projesine imza att\u0131.<br \/><\/p>\n","protected":false},"excerpt":{"rendered":"<p>Ayd\u0131n\u2019\u0131n Ku\u015fadas\u0131 il\u00e7esinde ilkokul \u00f6\u011frencileri, g\u0131da israf\u0131na dikkat \u00e7ekmek i\u00e7in ba\u015flatt\u0131klar\u0131 &#8220;\u0130sraf Sava\u015f\u00e7\u0131lar\u0131&#8221; projesini ba\u015far\u0131yla tamamlad\u0131. \u00d6\u011frenciler artan yiyeceklerle haz\u0131rlanabilecek tariflerin yer ald\u0131\u011f\u0131 40 adet yemek dergisini haz\u0131rlay\u0131p satarak elde ettikleri gelirle yakla\u015f\u0131k 400 ekmek ald\u0131. Sat\u0131n al\u0131nan ekmekler il\u00e7edeki ihtiya\u00e7 sahiplerine ula\u015ft\u0131r\u0131ld\u0131. \u0130ki hafta \u00f6nce ba\u015flayan projede \u00f6\u011frenciler Tuana S\u00fcrgen, Pars Ata T\u00fcrker, Emir&#8230;<\/p>\n","protected":false},"author":1,"featured_media":31084,"comment_status":"open","ping_status":"open","sticky":false,"template":"","format":"standard","meta":{"_crdt_document":"","footnotes":""},"categories":[123],"tags":[],"class_list":["post-31083","post","type-post","status-publish","format-standard","has-post-thumbnail","hentry","category-gundem"],"_links":{"self":[{"href":"https:\/\/www.egemtv.com\/index.php?rest_route=\/wp\/v2\/posts\/31083","targetHints":{"allow":["GET"]}}],"collection":[{"href":"https:\/\/www.egemtv.com\/index.php?rest_route=\/wp\/v2\/posts"}],"about":[{"href":"https:\/\/www.egemtv.com\/index.php?rest_route=\/wp\/v2\/types\/post"}],"author":[{"embeddable":true,"href":"https:\/\/www.egemtv.com\/index.php?rest_route=\/wp\/v2\/users\/1"}],"replies":[{"embeddable":true,"href":"https:\/\/www.egemtv.com\/index.php?rest_route=%2Fwp%2Fv2%2Fcomments&post=31083"}],"version-history":[{"count":1,"href":"https:\/\/www.egemtv.com\/index.php?rest_route=\/wp\/v2\/posts\/31083\/revisions"}],"predecessor-version":[{"id":31085,"href":"https:\/\/www.egemtv.com\/index.php?rest_route=\/wp\/v2\/posts\/31083\/revisions\/31085"}],"wp:featuredmedia":[{"embeddable":true,"href":"https:\/\/www.egemtv.com\/index.php?rest_route=\/wp\/v2\/media\/31084"}],"wp:attachment":[{"href":"https:\/\/www.egemtv.com\/index.php?rest_route=%2Fwp%2Fv2%2Fmedia&parent=31083"}],"wp:term":[{"taxonomy":"category","embeddable":true,"href":"https:\/\/www.egemtv.com\/index.php?rest_route=%2Fwp%2Fv2%2Fcategories&post=31083"},{"taxonomy":"post_tag","embeddable":true,"href":"https:\/\/www.egemtv.com\/index.php?rest_route=%2Fwp%2Fv2%2Ftags&post=31083"}],"curies":[{"name":"wp","href":"https:\/\/api.w.org\/{rel}","templated":true}]}}