{"id":31080,"date":"2025-05-24T12:58:29","date_gmt":"2025-05-24T09:58:29","guid":{"rendered":"https:\/\/www.egemtv.com\/?p=31080"},"modified":"2025-05-24T12:58:31","modified_gmt":"2025-05-24T09:58:31","slug":"takla-atan-otomobilde-2-kisi-yaralandi","status":"publish","type":"post","link":"https:\/\/www.egemtv.com\/?p=31080","title":{"rendered":"Takla atan otomobilde 2 ki\u015fi yaraland\u0131"},"content":{"rendered":"<p>Afyonkarahisar\u2019da kontrolden \u00e7\u0131karak takla atan otomobilde 2 ki\u015fi yaraland\u0131.<br \/>\n<br \/>Kaza, Sand\u0131kl\u0131 il\u00e7esi K\u0131rkp\u0131nar Kav\u015fa\u011f\u0131 yak\u0131nlar\u0131nda meydana geldi. Edinilen bilgilere g\u00f6re, s\u00fcr\u00fcc\u00fcs\u00fcn\u00fcn ismi belirlenemeyen 34 HRC 406 plakal\u0131 otomobil hen\u00fcz bilinmeyen bir sebepten \u00f6t\u00fcr\u00fc kontrolden \u00e7\u0131karak takla att\u0131. Tar\u0131m arazisine girerek duran otomobilde O.G. ve \u0130.G., yaraland\u0131. Yaral\u0131lar kaza sonras\u0131 \u00e7evredekilerin haber vermesi \u00fczerine olay yerine gelen ambulans ile hastaneye kald\u0131r\u0131ld\u0131.<br \/>\n<br \/>Kazan\u0131n ard\u0131ndan soru\u015fturma ba\u015flat\u0131ld\u0131\u011f\u0131 bildirildi.<br \/><\/p>\n","protected":false},"excerpt":{"rendered":"<p>Afyonkarahisar\u2019da kontrolden \u00e7\u0131karak takla atan otomobilde 2 ki\u015fi yaraland\u0131. Kaza, Sand\u0131kl\u0131 il\u00e7esi K\u0131rkp\u0131nar Kav\u015fa\u011f\u0131 yak\u0131nlar\u0131nda meydana geldi. Edinilen bilgilere g\u00f6re, s\u00fcr\u00fcc\u00fcs\u00fcn\u00fcn ismi belirlenemeyen 34 HRC 406 plakal\u0131 otomobil hen\u00fcz bilinmeyen bir sebepten \u00f6t\u00fcr\u00fc kontrolden \u00e7\u0131karak takla att\u0131. Tar\u0131m arazisine girerek duran otomobilde O.G. ve \u0130.G., yaraland\u0131. Yaral\u0131lar kaza sonras\u0131 \u00e7evredekilerin haber vermesi \u00fczerine olay yerine&#8230;<\/p>\n","protected":false},"author":1,"featured_media":31081,"comment_status":"open","ping_status":"open","sticky":false,"template":"","format":"standard","meta":{"_crdt_document":"","footnotes":""},"categories":[5],"tags":[],"class_list":["post-31080","post","type-post","status-publish","format-standard","has-post-thumbnail","hentry","category-asayis"],"_links":{"self":[{"href":"https:\/\/www.egemtv.com\/index.php?rest_route=\/wp\/v2\/posts\/31080","targetHints":{"allow":["GET"]}}],"collection":[{"href":"https:\/\/www.egemtv.com\/index.php?rest_route=\/wp\/v2\/posts"}],"about":[{"href":"https:\/\/www.egemtv.com\/index.php?rest_route=\/wp\/v2\/types\/post"}],"author":[{"embeddable":true,"href":"https:\/\/www.egemtv.com\/index.php?rest_route=\/wp\/v2\/users\/1"}],"replies":[{"embeddable":true,"href":"https:\/\/www.egemtv.com\/index.php?rest_route=%2Fwp%2Fv2%2Fcomments&post=31080"}],"version-history":[{"count":1,"href":"https:\/\/www.egemtv.com\/index.php?rest_route=\/wp\/v2\/posts\/31080\/revisions"}],"predecessor-version":[{"id":31082,"href":"https:\/\/www.egemtv.com\/index.php?rest_route=\/wp\/v2\/posts\/31080\/revisions\/31082"}],"wp:featuredmedia":[{"embeddable":true,"href":"https:\/\/www.egemtv.com\/index.php?rest_route=\/wp\/v2\/media\/31081"}],"wp:attachment":[{"href":"https:\/\/www.egemtv.com\/index.php?rest_route=%2Fwp%2Fv2%2Fmedia&parent=31080"}],"wp:term":[{"taxonomy":"category","embeddable":true,"href":"https:\/\/www.egemtv.com\/index.php?rest_route=%2Fwp%2Fv2%2Fcategories&post=31080"},{"taxonomy":"post_tag","embeddable":true,"href":"https:\/\/www.egemtv.com\/index.php?rest_route=%2Fwp%2Fv2%2Ftags&post=31080"}],"curies":[{"name":"wp","href":"https:\/\/api.w.org\/{rel}","templated":true}]}}