{"id":31077,"date":"2025-05-24T12:58:26","date_gmt":"2025-05-24T09:58:26","guid":{"rendered":"https:\/\/www.egemtv.com\/?p=31077"},"modified":"2025-05-24T12:58:29","modified_gmt":"2025-05-24T09:58:29","slug":"tamirci-ustasi-isyerinde-asili-halde-bulundu","status":"publish","type":"post","link":"https:\/\/www.egemtv.com\/?p=31077","title":{"rendered":"Tamirci ustas\u0131, i\u015fyerinde as\u0131l\u0131 halde bulundu"},"content":{"rendered":"<p>Mu\u011fla\u2019n\u0131n Dat\u00e7a il\u00e7esinde ya\u015fayan 63 ya\u015f\u0131ndaki tamirci ustas\u0131 Mesut Y\u0131lmaz, sanayideki i\u015fyerinde as\u0131l\u0131 halde bulundu.<br \/>\n<br \/>Olay, Dat\u00e7a il\u00e7esi Sanayi Sitesi\u2019nde meydana geldi. Edinilen bilgiye g\u00f6re Dat\u00e7a\u2019da sanayi sitesinde tamircilik yapan Mesut Y\u0131lmaz\u2019\u0131n sabah i\u015fyerini a\u00e7mad\u0131\u011f\u0131n\u0131 fark eden komu\u015fu esnaflar\u0131, Y\u0131lmaz\u2019\u0131n i\u015fyerine gitti. Kap\u0131n\u0131n i\u00e7eriden kilitli oldu\u011funu fark eden esnaflar, i\u015fyerinin anahtar\u0131n\u0131n ba\u015fka bir arkada\u015f\u0131nda da oldu\u011funu \u00f6\u011frenince onu \u00e7a\u011f\u0131rd\u0131lar. Adrese gelen arkada\u015f\u0131 ile birlikte i\u015fyerine giren esnaflar, Y\u0131lmaz\u2019\u0131 \u00fcst katta dizlerinin \u00fczerinde as\u0131l\u0131 halde buldu. Durumun 112 Acil \u00c7a\u011fr\u0131 Merkezi\u2019ne bildirilmesinin ard\u0131ndan b\u00f6lgeye, sa\u011fl\u0131k ve polis ekipleri sevk edildi. K\u0131sa s\u00fcrede olay yerine gelen sa\u011fl\u0131k ekipleri, Y\u0131lmaz\u2019\u0131n hayat\u0131n\u0131 kaybetti\u011fini belirledi. Olayla ilgili soru\u015fturma ba\u015flat\u0131ld\u0131.<br \/><\/p>\n","protected":false},"excerpt":{"rendered":"<p>Mu\u011fla\u2019n\u0131n Dat\u00e7a il\u00e7esinde ya\u015fayan 63 ya\u015f\u0131ndaki tamirci ustas\u0131 Mesut Y\u0131lmaz, sanayideki i\u015fyerinde as\u0131l\u0131 halde bulundu. Olay, Dat\u00e7a il\u00e7esi Sanayi Sitesi\u2019nde meydana geldi. Edinilen bilgiye g\u00f6re Dat\u00e7a\u2019da sanayi sitesinde tamircilik yapan Mesut Y\u0131lmaz\u2019\u0131n sabah i\u015fyerini a\u00e7mad\u0131\u011f\u0131n\u0131 fark eden komu\u015fu esnaflar\u0131, Y\u0131lmaz\u2019\u0131n i\u015fyerine gitti. Kap\u0131n\u0131n i\u00e7eriden kilitli oldu\u011funu fark eden esnaflar, i\u015fyerinin anahtar\u0131n\u0131n ba\u015fka bir arkada\u015f\u0131nda da&#8230;<\/p>\n","protected":false},"author":1,"featured_media":31078,"comment_status":"open","ping_status":"open","sticky":false,"template":"","format":"standard","meta":{"_crdt_document":"","footnotes":""},"categories":[5],"tags":[],"class_list":["post-31077","post","type-post","status-publish","format-standard","has-post-thumbnail","hentry","category-asayis"],"_links":{"self":[{"href":"https:\/\/www.egemtv.com\/index.php?rest_route=\/wp\/v2\/posts\/31077","targetHints":{"allow":["GET"]}}],"collection":[{"href":"https:\/\/www.egemtv.com\/index.php?rest_route=\/wp\/v2\/posts"}],"about":[{"href":"https:\/\/www.egemtv.com\/index.php?rest_route=\/wp\/v2\/types\/post"}],"author":[{"embeddable":true,"href":"https:\/\/www.egemtv.com\/index.php?rest_route=\/wp\/v2\/users\/1"}],"replies":[{"embeddable":true,"href":"https:\/\/www.egemtv.com\/index.php?rest_route=%2Fwp%2Fv2%2Fcomments&post=31077"}],"version-history":[{"count":1,"href":"https:\/\/www.egemtv.com\/index.php?rest_route=\/wp\/v2\/posts\/31077\/revisions"}],"predecessor-version":[{"id":31079,"href":"https:\/\/www.egemtv.com\/index.php?rest_route=\/wp\/v2\/posts\/31077\/revisions\/31079"}],"wp:featuredmedia":[{"embeddable":true,"href":"https:\/\/www.egemtv.com\/index.php?rest_route=\/wp\/v2\/media\/31078"}],"wp:attachment":[{"href":"https:\/\/www.egemtv.com\/index.php?rest_route=%2Fwp%2Fv2%2Fmedia&parent=31077"}],"wp:term":[{"taxonomy":"category","embeddable":true,"href":"https:\/\/www.egemtv.com\/index.php?rest_route=%2Fwp%2Fv2%2Fcategories&post=31077"},{"taxonomy":"post_tag","embeddable":true,"href":"https:\/\/www.egemtv.com\/index.php?rest_route=%2Fwp%2Fv2%2Ftags&post=31077"}],"curies":[{"name":"wp","href":"https:\/\/api.w.org\/{rel}","templated":true}]}}