{"id":31074,"date":"2025-05-24T12:35:49","date_gmt":"2025-05-24T09:35:49","guid":{"rendered":"https:\/\/www.egemtv.com\/?p=31074"},"modified":"2025-05-24T12:35:52","modified_gmt":"2025-05-24T09:35:52","slug":"dunya-usak-universitesinde-bulustu","status":"publish","type":"post","link":"https:\/\/www.egemtv.com\/?p=31074","title":{"rendered":"D\u00fcnya U\u015fak \u00dcniversitesi\u2019nde bulu\u015ftu"},"content":{"rendered":"<p>6.Uluslararas\u0131 Hafta, U\u015fak \u00dcniversitesi\u2019nin d\u00fcnyaya a\u00e7\u0131lan kap\u0131s\u0131 olmaya ve farkl\u0131 k\u00fclt\u00fcrleri bir araya getirerek k\u00fcresel akademik i\u015f birliklerine y\u00f6n vermeye devam etti.<br \/>\n<br \/>U\u015fak \u00dcniversitesi, uluslararas\u0131la\u015fma vizyonu do\u011frultusunda geleneksel hale getirdi\u011fi Uluslararas\u0131 Hafta\u2019n\u0131n (International Staff Week) alt\u0131nc\u0131s\u0131n\u0131 bu y\u0131l 12-16 May\u0131s 2025 tarihleri aras\u0131nda ba\u015far\u0131yla ger\u00e7ekle\u015ftirdi. 20 farkl\u0131 \u00fclkeden 70 kat\u0131l\u0131mc\u0131n\u0131n a\u011f\u0131rland\u0131\u011f\u0131 etkinlikte, k\u00fclt\u00fcrleraras\u0131 etkile\u015fim zirveye ta\u015f\u0131nd\u0131, akademik i\u015f birlikleri artt\u0131r\u0131ld\u0131.<br \/>\n<br \/>Uluslararas\u0131 Hafta, Recep Tayyip Erdo\u011fan Kongre ve K\u00fclt\u00fcr Merkezi\u2019nde d\u00fczenlenen &#8220;Ho\u015f Geldiniz Kokteyli&#8221; ve a\u00e7\u0131l\u0131\u015f t\u00f6reniyle ba\u015flad\u0131. Akademisyenlerin ve \u00f6\u011frencilerin yo\u011fun kat\u0131l\u0131m g\u00f6sterdi\u011fi a\u00e7\u0131l\u0131\u015fta, hem uluslararas\u0131 misafirlerle tan\u0131\u015fma hem de etkinli\u011fe co\u015fkulu bir ba\u015flang\u0131\u00e7 yapma imk\u00e2n\u0131 sunuldu.<br \/>\n<br \/>Etkinli\u011fin ilk g\u00fcn\u00fcnde ayr\u0131ca, bu y\u0131l ikincisi d\u00fczenlenen &#8220;Uluslararas\u0131 \u00d6\u011frenci Bulu\u015fmas\u0131&#8221; ile U\u015fak \u00dcniversitesi\u2019nde e\u011fitim g\u00f6ren uluslararas\u0131 \u00f6\u011frenciler kendi k\u00fclt\u00fcrlerini renkli stantlar ve sahne performanslar\u0131yla tan\u0131tt\u0131.<br \/>\n<br \/>K\u00fclt\u00fcrel tan\u0131t\u0131m etkinlikleri kapsam\u0131nda, Spor Bilimleri Fak\u00fcltesi \u00f6\u011frencilerinin sahneledi\u011fi zeybek ve sema g\u00f6sterisi b\u00fcy\u00fck be\u011feni toplad\u0131. Sanat Koordinat\u00f6rl\u00fc\u011f\u00fcn\u00fc \u00d6\u011fr. G\u00f6r. Dr. Onur Alt\u0131ntu\u011f\u2019un, koreografisini ise \u00d6\u011fr. G\u00f6r. Meltem Alt\u0131ntu\u011f ve \u00d6\u011fr. G\u00f6r. H\u00fcsamettin Y\u00fcce Do\u011fan\u2019\u0131n \u00fcstlendi\u011fi g\u00f6steri, kat\u0131l\u0131mc\u0131lara unutulmaz anlar ya\u015fatt\u0131.<br \/>\n<br \/>Uluslararas\u0131 Hafta boyunca ger\u00e7ekle\u015fen oturumlarda akademik ve k\u00fclt\u00fcrel i\u015f birlikleri \u00f6n plana \u00e7\u0131kt\u0131. &#8220;5 Dakikal\u0131k Tan\u0131t\u0131m Sunumlar\u0131&#8221;, &#8220;Yuvarlak Masa K\u00fclt\u00fcrel Kayna\u015fma Etkinli\u011fi&#8221; ve &#8220;Uluslararas\u0131 Kahve Saati&#8221; gibi oturumlarla kat\u0131l\u0131mc\u0131lar hem kendi kurumlar\u0131n\u0131 tan\u0131tma hem de k\u00fclt\u00fcrel payla\u015f\u0131mlarda bulunma imk\u00e2n\u0131 yakalad\u0131.<br \/>\n<br \/>\u0130kinci g\u00fcn ayr\u0131ca \u00f6nemli bir i\u015f birli\u011fine de sahne oldu. U\u015fak \u00dcniversitesi ile University of Tetovo aras\u0131nda e\u011fitim, ara\u015ft\u0131rma ve k\u00fclt\u00fcrel alanda i\u015f birli\u011fini kapsayan ikili protokol imzaland\u0131.<br \/>\n<br \/>Etkinli\u011fin \u00fc\u00e7\u00fcnc\u00fc g\u00fcn\u00fcnde kat\u0131l\u0131mc\u0131lar \u00fcniversitenin idari birimleri ve fak\u00fcltelerini ziyaret ettiler. Ziyaret ettikleri birimlerde akademik ve idari personelle ya da \u00f6\u011frencilerle bir araya gelerek e\u011fitim alma ve ders verme faaliyetleri ger\u00e7ekle\u015ftirdiler.<br \/>\n<br \/>D\u00f6rd\u00fcnc\u00fc g\u00fcn ise U\u015fak\u2019\u0131n tarihi ve do\u011fal zenginlikleri \u00f6n plana \u00e7\u0131kt\u0131. Kat\u0131l\u0131mc\u0131lar U\u015fak M\u00fczesi, Blaundus Antik Kenti, Ulubey Kanyonu gibi \u00f6nemli destinasyonlar\u0131 ziyaret etti. T\u00fcrk k\u00fclt\u00fcr\u00fcn\u00fcn k\u00f6kl\u00fc geleneklerinden biri olan Cirit Oyunu g\u00f6sterisi b\u00fcy\u00fck ilgiyle izlendi. G\u00fcn\u00fcn sonunda ise Veda Yeme\u011fi ve Sertifika T\u00f6reni d\u00fczenlenerek kat\u0131l\u0131mc\u0131lara te\u015fekk\u00fcr edildi.<br \/>\n<br \/>Program\u0131n son g\u00fcn\u00fcnde ise konuklar, T\u00fcrkiye\u2019nin d\u00fcnyaca \u00fcnl\u00fc do\u011fal g\u00fczelliklerinden biri olan Pamukkale\u2019yi gezerek etkinli\u011fi tamamlad\u0131.<br \/>\n<br \/>U\u015fak \u00dcniversitesi Rekt\u00f6r\u00fc Prof. Dr. Ekrem Sava\u015f, etkinli\u011fe dair yapt\u0131\u011f\u0131 de\u011ferlendirmede \u015fu ifadeleri kulland\u0131: &#8220;Bu y\u0131l alt\u0131nc\u0131s\u0131n\u0131 ger\u00e7ekle\u015ftirdi\u011fimiz Uluslararas\u0131 Hafta kapsam\u0131nda 20 \u00fclkeden gelen 70 de\u011ferli konu\u011fumuzu \u00fcniversitemizde a\u011f\u0131rlad\u0131k. Etkinlik s\u00fcresince sadece akademik i\u015f birliklerini de\u011fil, ayn\u0131 zamanda k\u00fclt\u00fcrel etkile\u015fimi de \u00f6n planda tuttuk. Konuklar\u0131m\u0131z \u00fcniversitemizi ve \u015fehrimizi yak\u0131ndan tan\u0131ma f\u0131rsat\u0131 buldu. U\u015fak \u00dcniversitesi olarak uluslararas\u0131 tan\u0131n\u0131rl\u0131\u011f\u0131m\u0131z\u0131 art\u0131rmak ve daha g\u00fc\u00e7l\u00fc i\u015f birlikleri kurmak ad\u0131na \u00e7al\u0131\u015fmalar\u0131m\u0131za kararl\u0131l\u0131kla devam edece\u011fiz.&#8221; dedi.<br \/><\/p>\n","protected":false},"excerpt":{"rendered":"<p>6.Uluslararas\u0131 Hafta, U\u015fak \u00dcniversitesi\u2019nin d\u00fcnyaya a\u00e7\u0131lan kap\u0131s\u0131 olmaya ve farkl\u0131 k\u00fclt\u00fcrleri bir araya getirerek k\u00fcresel akademik i\u015f birliklerine y\u00f6n vermeye devam etti. U\u015fak \u00dcniversitesi, uluslararas\u0131la\u015fma vizyonu do\u011frultusunda geleneksel hale getirdi\u011fi Uluslararas\u0131 Hafta\u2019n\u0131n (International Staff Week) alt\u0131nc\u0131s\u0131n\u0131 bu y\u0131l 12-16 May\u0131s 2025 tarihleri aras\u0131nda ba\u015far\u0131yla ger\u00e7ekle\u015ftirdi. 20 farkl\u0131 \u00fclkeden 70 kat\u0131l\u0131mc\u0131n\u0131n a\u011f\u0131rland\u0131\u011f\u0131 etkinlikte, k\u00fclt\u00fcrleraras\u0131 etkile\u015fim zirveye&#8230;<\/p>\n","protected":false},"author":1,"featured_media":31075,"comment_status":"open","ping_status":"open","sticky":false,"template":"","format":"standard","meta":{"_crdt_document":"","footnotes":""},"categories":[1],"tags":[],"class_list":["post-31074","post","type-post","status-publish","format-standard","has-post-thumbnail","hentry","category-guncel"],"_links":{"self":[{"href":"https:\/\/www.egemtv.com\/index.php?rest_route=\/wp\/v2\/posts\/31074","targetHints":{"allow":["GET"]}}],"collection":[{"href":"https:\/\/www.egemtv.com\/index.php?rest_route=\/wp\/v2\/posts"}],"about":[{"href":"https:\/\/www.egemtv.com\/index.php?rest_route=\/wp\/v2\/types\/post"}],"author":[{"embeddable":true,"href":"https:\/\/www.egemtv.com\/index.php?rest_route=\/wp\/v2\/users\/1"}],"replies":[{"embeddable":true,"href":"https:\/\/www.egemtv.com\/index.php?rest_route=%2Fwp%2Fv2%2Fcomments&post=31074"}],"version-history":[{"count":1,"href":"https:\/\/www.egemtv.com\/index.php?rest_route=\/wp\/v2\/posts\/31074\/revisions"}],"predecessor-version":[{"id":31076,"href":"https:\/\/www.egemtv.com\/index.php?rest_route=\/wp\/v2\/posts\/31074\/revisions\/31076"}],"wp:featuredmedia":[{"embeddable":true,"href":"https:\/\/www.egemtv.com\/index.php?rest_route=\/wp\/v2\/media\/31075"}],"wp:attachment":[{"href":"https:\/\/www.egemtv.com\/index.php?rest_route=%2Fwp%2Fv2%2Fmedia&parent=31074"}],"wp:term":[{"taxonomy":"category","embeddable":true,"href":"https:\/\/www.egemtv.com\/index.php?rest_route=%2Fwp%2Fv2%2Fcategories&post=31074"},{"taxonomy":"post_tag","embeddable":true,"href":"https:\/\/www.egemtv.com\/index.php?rest_route=%2Fwp%2Fv2%2Ftags&post=31074"}],"curies":[{"name":"wp","href":"https:\/\/api.w.org\/{rel}","templated":true}]}}